{"id":98717,"date":"2020-09-13T08:06:00","date_gmt":"2020-09-13T12:06:00","guid":{"rendered":"https:\/\/linitiative.ca\/International\/azza-filali-covid-19-le-scandale-de-la-mort-du-dr-gharsallah\/"},"modified":"2020-09-13T08:06:00","modified_gmt":"2020-09-13T12:06:00","slug":"azza-filali-covid-19-le-scandale-de-la-mort-du-dr-gharsallah","status":"publish","type":"post","link":"https:\/\/linitiative.ca\/International\/azza-filali-covid-19-le-scandale-de-la-mort-du-dr-gharsallah\/","title":{"rendered":"Azza Filali &#8211; Covid-19 : le scandale de la mort du Dr Gharsallah !"},"content":{"rendered":"<p><em><span class=\"c2\"><strong><img decoding=\"async\" src=\"\/uploads\/FCK_files\/Azza-Filali(1)(3).jpg\" alt=\"\" width=\"20%\" vspace=\"5\" hspace=\"5\" align=\"right\"\/>Par Azza Filali &#8211;<\/strong><\/span><\/em> Pour commencer une pr\u00e9cision : ce texte n\u2019\u00e9mane pas du m\u00e9decin que je suis et qui d\u00e9fend un coll\u00e8gue, m\u00eame si l\u2019attitude est l\u00e9gitime. Toute mort par le Covid-19 est une mort de trop et h\u00e9las, notre pays commence \u00e0 payer un tribut de plus en plus lourd \u00e0 cette \u00e9pid\u00e9mie.<\/p>\n<p>La mort est notre destin \u00e0 tous, mais il est du devoir de chaque m\u00e9decin de l\u2019\u00e9viter par tous les moyens en sa disposition. Malheureusement, force est de constater qu\u2019avec le Dr Gharsallah, il y a eu \u00ab non-assistance \u00e0 personne en danger \u00bb ce qui est r\u00e9prouv\u00e9 par le code de d\u00e9ontologie.<\/p>\n<p>Les faits sont d\u2019une terrible simplicit\u00e9 : au terme d\u2019un syndrome grippal, s\u2019\u00e9tant prolong\u00e9 pr\u00e8s d\u2019une semaine, la famille du d\u00e9funt contacte le 190. Apr\u00e8s de multiples tentatives avec un num\u00e9ro constamment occup\u00e9, le patient est transf\u00e9r\u00e9 vers un des services d\u2019urgence de la capitale. Et l\u00e0 commence la recherche d\u2019un lit de r\u00e9animation. Pendant pr\u00e8s de deux heures, une doctoresse, (sans doute r\u00e9sidente), de bonne volont\u00e9, a fait le tour des centres Covid qui ont r\u00e9pondu par la n\u00e9gative, affirmant que tous leurs lits \u00e9taient occup\u00e9s. J\u2019ignore si les urgences des cliniques ont \u00e9t\u00e9 sollicit\u00e9es, certaines poss\u00e9dant un circuit Covid. Entretemps, l\u2019\u00e9tat du patient commen\u00e7ait \u00e0 se d\u00e9t\u00e9riorer, et les difficult\u00e9s respiratoires se faisaient de plus en plus pr\u00e9occupantes. Il a donc \u00e9t\u00e9 intub\u00e9 et ventil\u00e9 aux urgences. J\u2019ignore si un senior a \u00e9t\u00e9 convoqu\u00e9 pour le prendre en charge, j\u2019ignore aussi si on a contact\u00e9 la fameuse cellule de crise au minist\u00e8re, celle qui nous gave chaque jour de chiffres sans cesse croissants de malades. En v\u00e9rit\u00e9, c\u2019est le ministre lui-m\u00eame qu\u2019il aurait fallu appeler. S\u2019il ne s\u2019agite pas, usant de toute son influence, pour trouver un lit \u00e0 un m\u00e9decin, pour qui le ferait-il ?<\/p>\n<p>Il semble que les choses en soient rest\u00e9es l\u00e0, et qu\u2019une aggravation in\u00e9luctable de l\u2019\u00e9tat du malade a conduit \u00e0 son d\u00e9c\u00e8s, deux heures apr\u00e8s son arriv\u00e9e aux urgences.<\/p>\n<p>C\u2019est honteux qu\u2019un homme meure parce qu\u2019il n\u2019y a pas de lit pour lui fournir les soins ad\u00e9quats ! C\u2019est honteux que la machine du minist\u00e8re de la sant\u00e9 ait continu\u00e9 \u00e0 dormir sur ses deux oreilles au moment o\u00f9 un m\u00e9decin rendait son dernier souffle, assist\u00e9 par une coll\u00e8gue impuissante ! Nul besoin de recourir au code de d\u00e9ontologie, il y a eu dans cette triste affaire, un manque flagrant de civisme et une irresponsabilit\u00e9 impardonnable de la part des autorit\u00e9s. O\u00f9 \u00e9tait le directeur de l\u2019h\u00f4pital dont les urgences ont accueilli Mr Gharsallah ? O\u00f9 \u00e9taient les sp\u00e9cialistes Covid lorsque le malade rendait son dernier souffle ? A quoi r\u00eavait alors monsieur le ministre de la Sant\u00e9 ?<\/p>\n<p>Le Conseil r\u00e9gional de l\u2019ordre des m\u00e9decins, a publi\u00e9 un communiqu\u00e9 o\u00f9 il faisait part de son \u00ab inqui\u00e9tude \u00bb. Le mot me para\u00eet bien mou. C\u2019est plut\u00f4t \u00ab r\u00e9volte et d\u00e9nonciation \u00bb qu\u2019il aurait fallu \u00e9crire. R\u00e9volte qu\u2019un m\u00e9decin ne re\u00e7oive pas tous les soins n\u00e9cessaires dans ces h\u00f4pitaux o\u00f9 il a pass\u00e9 une bonne partie de son existence ! D\u00e9nonciation d\u2019un laxisme impardonnable de la part des autorit\u00e9s sp\u00e9cialis\u00e9es qui n\u2019ont pas fait le maximum pour sauver un des leurs !<\/p>\n<p>Mais quelle \u00e9poque vivons-nous donc ? A quel degr\u00e9 de bassesse sont arriv\u00e9s les gens ?\u00a0 Tout autant que le naufrage \u00e9conomique du pays, il faut s\u2019affliger du naufrage moral et civique des citoyens ! La solidarit\u00e9, le sens des responsabilit\u00e9s, le d\u00e9vouement sont bel et bien morts et enterr\u00e9s. Seul compte le mis\u00e9rable int\u00e9r\u00eat personnel, les manigances pour gagner plus, toujours plus : argent, notori\u00e9t\u00e9, pouvoir ! Quelle pitoyable soci\u00e9t\u00e9 que la n\u00f4tre ! Qu\u2019est-il arriv\u00e9 \u00e0 la g\u00e9n\u00e9ration d\u2019adultes tunisiens d\u2019aujourd\u2019hui pour qu\u2019ils soient tomb\u00e9s aussi bas ? Une \u00e9ducation m\u00e9diocre d\u00e9livr\u00e9e par des enseignants m\u00e9diocres et d\u00e9motiv\u00e9s ! Une famille ayant \u00ab oubli\u00e9 \u00bb de transmettre \u00e0 ses rejetons le minimum de r\u00e8gles morales et civiques ! Une soci\u00e9t\u00e9 o\u00f9 l\u2019argent et les combines ont \u00e9cart\u00e9 les fibres nationalistes d\u2019avant et se sont impos\u00e9s comme seuls ma\u00eetres ! On ne r\u00e9colte que ce qu\u2019on s\u00e8me et nous avons mal sem\u00e9 !<\/p>\n<p>Que notre confr\u00e8re, le docteur Slim Gharsallah, repose en paix ! Il a eu la malchance de vivre au mauvais moment !<\/p>\n<p class=\"c3\"><strong>Azza Filali<\/strong><\/p>\n<p>Auteur:<br \/>\n<a href=\"https:\/\/www.leaders.com.tn\/article\/30568-azza-filali-covid-19-le-scandale-de-la-mort-du-dr-gharsallah\">Cliquez ici pour lire l&rsquo;article depuis sa source.<\/a><\/p>\n","protected":false},"excerpt":{"rendered":"<p>Par Azza Filali &#8211; Pour commencer une pr\u00e9cision : ce texte n\u2019\u00e9mane pas du m\u00e9decin que je suis et qui d\u00e9fend un coll\u00e8gue, m\u00eame si l\u2019attitude est l\u00e9gitime. Toute mort par le Covid-19 est une mort de trop et h\u00e9las, notre pays commence \u00e0 payer un tribut de plus en plus lourd \u00e0 cette \u00e9pid\u00e9mie. [&hellip;]<\/p>\n","protected":false},"author":1772,"featured_media":98718,"comment_status":"closed","ping_status":"closed","sticky":false,"template":"","format":"standard","meta":{"fifu_image_url":"","fifu_image_alt":"","footnotes":""},"categories":[73,55],"tags":[],"class_list":["post-98717","post","type-post","status-publish","format-standard","has-post-thumbnail","hentry","category-actualite","category-tunisie"],"_links":{"self":[{"href":"https:\/\/linitiative.ca\/International\/wp-json\/wp\/v2\/posts\/98717","targetHints":{"allow":["GET"]}}],"collection":[{"href":"https:\/\/linitiative.ca\/International\/wp-json\/wp\/v2\/posts"}],"about":[{"href":"https:\/\/linitiative.ca\/International\/wp-json\/wp\/v2\/types\/post"}],"author":[{"embeddable":true,"href":"https:\/\/linitiative.ca\/International\/wp-json\/wp\/v2\/users\/1772"}],"replies":[{"embeddable":true,"href":"https:\/\/linitiative.ca\/International\/wp-json\/wp\/v2\/comments?post=98717"}],"version-history":[{"count":0,"href":"https:\/\/linitiative.ca\/International\/wp-json\/wp\/v2\/posts\/98717\/revisions"}],"wp:featuredmedia":[{"embeddable":true,"href":"https:\/\/linitiative.ca\/International\/wp-json\/"}],"wp:attachment":[{"href":"https:\/\/linitiative.ca\/International\/wp-json\/wp\/v2\/media?parent=98717"}],"wp:term":[{"taxonomy":"category","embeddable":true,"href":"https:\/\/linitiative.ca\/International\/wp-json\/wp\/v2\/categories?post=98717"},{"taxonomy":"post_tag","embeddable":true,"href":"https:\/\/linitiative.ca\/International\/wp-json\/wp\/v2\/tags?post=98717"}],"curies":[{"name":"wp","href":"https:\/\/api.w.org\/{rel}","templated":true}]}}