{"id":98719,"date":"2020-09-13T06:00:00","date_gmt":"2020-09-13T10:00:00","guid":{"rendered":"https:\/\/linitiative.ca\/International\/une-histoire-de-c\/"},"modified":"2020-09-13T06:00:00","modified_gmt":"2020-09-13T10:00:00","slug":"une-histoire-de-c","status":"publish","type":"post","link":"https:\/\/linitiative.ca\/International\/une-histoire-de-c\/","title":{"rendered":"Une histoire de C\u2026\u00a0!"},"content":{"rendered":"<p class=\"c4\">&#8211; Attention ! Rien n\u2019est encore jou\u00e9 pour la Constitution ! Il reste le S\u00e9nat. \u00c7a risque de bloquer !<br \/>&#8211; Quoi ? Tu crois qu\u2019ils pourraient bloquer le texte ?<br \/>&#8211; Mais non ! \u00c7a bloquerait plut\u00f4t au niveau de leurs articulations !<br \/>&#8211; ???<\/p>\n<p class=\"c4\">C\u2019est d\u00e9cid\u00e9 ! Et rien ne me fera changer d\u2019avis ! M\u00eame si je deviens un jour un chroniqueur c\u00e9l\u00e8bre et blind\u00e9 de tunes, JAMAIS ! Jamais quoi ? Mais jamais de chauffeur ! Abadan ! Je me d\u00e9merderais pour mes d\u00e9placements. Le m\u00e9tro. Le bus. Le taxi. Le train, la marche ou la nage, mais jamais de chauffeur personnel. Voyez celui de Doc Djamel, le copain de fac de Merkel. Il a tout balanc\u00e9 aux juges. Racont\u00e9 dans le d\u00e9tail, voire plus ! Il a fallu que les assesseurs du magistrat lui assurent qu\u2019il en avait assez dit comme \u00e7a, qu\u2019ils en avaient suffisamment en bo\u00eete, qu\u2019il pouvait arr\u00eater de balancer, lui, rien ! Sur sa lanc\u00e9e, qu\u2019il \u00e9tait le gus ! M\u00eame chose avec l\u2019autre chauffeur, celui de Hamel, l\u2019ancien patron de la police. Une diarrh\u00e9e verbale, hachakoum ! En roue libre, le chauffeur ! Alors, moi, je ne joue pas ! Pas de chauffeur, pas de confidences, pas de risque de le voir d\u00e9bouler en audience narrer mes p\u2019tites manies, la marque de mon Mug que je poserais sur la console de la voiture, le matin lorsque je m\u2019installerai \u00e0 c\u00f4t\u00e9 de lui, en direction du journal. Ou encore mes roucoulades au t\u00e9l\u00e9phone, avec ma ma\u00eetresse. Et puis, \u00e0 la r\u00e9flexion, pas de chauffeur, et pas de coiffeur non plus ! J\u2019ai d\u2019ailleurs achet\u00e9 une tondeuse. Vu ma tignasse, \u00e7a va \u00eatre vite exp\u00e9di\u00e9 ! Un coiffeur personnel, vous imaginez un peu ? Si les chauffeurs sont des pipelettes, que dire alors des coiffeurs ? Euh\u2026 comme je n\u2019arr\u00eate pas de gamberger l\u00e0-dessus, je me dis aussi que pas de chauffeur, pas de coiffeur, pas de femme non plus, tant que j\u2019y suis ! Attention, ne me traitez pas trop vite de \u00abpourriture de misogyne\u00bb. Absolument pas ! Mais en m\u00eame temps, pas de femme, donc pas d\u2019enfants. \u00c7a r\u00e9duit les risques, non ? Vous avez vu comment leurs \u00e9pouses, leurs filles cach\u00e9es, leurs enfants d\u00e9clar\u00e9s, leurs chauffeurs et leurs secr\u00e9taires particuliers d\u00e9filent en rang d\u2019oignons dans les tribunaux. L\u2019embouteillage ! Non ! Non ! Non ! Faut r\u00e9duire les risques ! Au strict minimum. Une fois chroniqueur c\u00e9l\u00e8bre et blind\u00e9 de tunes, toujours le m\u00eame et seul compagnon, et gros avantage avec lui, il est muet : le th\u00e9 que je fume pour rester \u00e9veill\u00e9 \u00e0 mon cauchemar qui continue.<br \/><em><strong>H. L.<\/strong><\/em><\/p>\n<p>Auteur:<br \/>\n<a href=\"https:\/\/www.lesoirdalgerie.com\/pousse-avec-eux\/une-histoire-de-c-48061\">Cliquez ici pour lire l&rsquo;article depuis sa source.<\/a><\/p>\n","protected":false},"excerpt":{"rendered":"<p>&#8211; Attention ! Rien n\u2019est encore jou\u00e9 pour la Constitution ! Il reste le S\u00e9nat. \u00c7a risque de bloquer !&#8211; Quoi ? Tu crois qu\u2019ils pourraient bloquer le texte ?&#8211; Mais non ! \u00c7a bloquerait plut\u00f4t au niveau de leurs articulations !&#8211; ??? C\u2019est d\u00e9cid\u00e9 ! Et rien ne me fera changer d\u2019avis ! M\u00eame [&hellip;]<\/p>\n","protected":false},"author":1741,"featured_media":0,"comment_status":"closed","ping_status":"closed","sticky":false,"template":"","format":"standard","meta":{"fifu_image_url":"","fifu_image_alt":"","footnotes":""},"categories":[73,53],"tags":[],"class_list":["post-98719","post","type-post","status-publish","format-standard","hentry","category-actualite","category-algerie"],"_links":{"self":[{"href":"https:\/\/linitiative.ca\/International\/wp-json\/wp\/v2\/posts\/98719","targetHints":{"allow":["GET"]}}],"collection":[{"href":"https:\/\/linitiative.ca\/International\/wp-json\/wp\/v2\/posts"}],"about":[{"href":"https:\/\/linitiative.ca\/International\/wp-json\/wp\/v2\/types\/post"}],"author":[{"embeddable":true,"href":"https:\/\/linitiative.ca\/International\/wp-json\/wp\/v2\/users\/1741"}],"replies":[{"embeddable":true,"href":"https:\/\/linitiative.ca\/International\/wp-json\/wp\/v2\/comments?post=98719"}],"version-history":[{"count":0,"href":"https:\/\/linitiative.ca\/International\/wp-json\/wp\/v2\/posts\/98719\/revisions"}],"wp:attachment":[{"href":"https:\/\/linitiative.ca\/International\/wp-json\/wp\/v2\/media?parent=98719"}],"wp:term":[{"taxonomy":"category","embeddable":true,"href":"https:\/\/linitiative.ca\/International\/wp-json\/wp\/v2\/categories?post=98719"},{"taxonomy":"post_tag","embeddable":true,"href":"https:\/\/linitiative.ca\/International\/wp-json\/wp\/v2\/tags?post=98719"}],"curies":[{"name":"wp","href":"https:\/\/api.w.org\/{rel}","templated":true}]}}