{"id":98721,"date":"2020-09-13T05:57:23","date_gmt":"2020-09-13T09:57:23","guid":{"rendered":"https:\/\/linitiative.ca\/International\/tourisme-les-operateurs-pris-a-leur-propre-piege\/"},"modified":"2020-09-13T05:57:23","modified_gmt":"2020-09-13T09:57:23","slug":"tourisme-les-operateurs-pris-a-leur-propre-piege","status":"publish","type":"post","link":"https:\/\/linitiative.ca\/International\/tourisme-les-operateurs-pris-a-leur-propre-piege\/","title":{"rendered":"Tourisme : les op\u00e9rateurs pris \u00e0 leur propre pi\u00e8ge"},"content":{"rendered":"<p><strong>Pas encore d\u2019engouement pour l\u2019indemnit\u00e9 Covid-19 au profit des salari\u00e9s et des stagiaires sous contrat insertion en arr\u00eat temporaire de travail dans le secteur du tourisme. L\u00e0 o\u00f9 le gouvernement recense 120.000 salari\u00e9s, les op\u00e9rateurs de l\u2019industrie touristique affirment qu\u2019un demi-million de personnes seraient concern\u00e9es. Pourquoi ce gap\u00a0?<\/strong><\/p>\n<div class=\"c10\"\/>\n<p>Depuis le mardi 8 septembre et ce jusqu\u2019au 15 septembre, le portail de la CNSS pour la d\u00e9claration des salari\u00e9s et des stagiaires sous contrat insertion en arr\u00eat temporaire de travail dans le secteur de l\u2019industrie touristique est en ligne. Les entreprises concern\u00e9es (h\u00f4tels class\u00e9s, guides, agences de voyages et soci\u00e9t\u00e9s de transport touristique agr\u00e9\u00e9s) ont commenc\u00e9 ainsi \u00e0 d\u00e9clarer leurs salari\u00e9s et les stagiaires sous contrat insertion pour b\u00e9n\u00e9ficier d\u2019une indemnit\u00e9 mensuelle de 2.000 DH devant \u00eatre servie durant la p\u00e9riode allant du 1er juillet \u00e0 fin d\u00e9cembre 2020. Mais, c\u2019est loin d\u2019\u00eatre loin la grande ru\u00e9e vu le grand bataillon de salari\u00e9s que compte l\u2019industrie touristique nationale. \u00ab\u00a0<em>La question de la population \u00e9ligible pose probl\u00e8me pour la majorit\u00e9 des op\u00e9rateurs du secteur du tourisme. Nous en avons longuement discut\u00e9 avec la tutelle qui dit ne pas avoir la solution<\/em>\u00a0\u00bb, explique un h\u00f4telier qui tient \u00e0 pr\u00e9ciser que le sujet est sensible.<\/p>\n<p><strong>Lire aussi|<\/strong><a href=\"https:\/\/www.challenge.ma\/evolution-du-coronavirus-au-maroc-2-238-nouveaux-cas-84-435-au-total-samedi-12-septembre-a-18-heures-156488\/\"><strong>\u00c9volution du Coronavirus au Maroc : 2.238 nouveaux cas, 84.435 au total, samedi 12 septembre \u00e0 18 heures<\/strong><\/a><\/p>\n<p>En effet, selon les professionnels du tourisme, pr\u00e8s de 500. 000 personnes seraient concern\u00e9es par cette indemnit\u00e9 Covid dans leur secteur alors que pour le gouvernement, le nombre de salari\u00e9s \u00e9ligibles ne d\u00e9passe pas les 120.000 personnes. Il faut dire que seuls les salari\u00e9s d\u00e9clar\u00e9s \u00e0 la CNSS sont \u00e9ligibles. Est-ce \u00e0 dire qu\u2019un quart seulement des salari\u00e9s de l\u2019industrie touristiques est d\u00e9clar\u00e9\u00a0? \u00ab\u00a0Dans les h\u00f4tels, par exemple, nous avons du personnel saisonnier qui c\u00f4toie les salari\u00e9s permanents\u00a0\u00bb, tente de justifier un autre h\u00f4telier.<\/p>\n<p><strong>Lire aussi|<\/strong><a href=\"https:\/\/www.challenge.ma\/coronavirus-kenitra-et-mehdia-retournent-en-confinement-156507\/\"><strong>Coronavirus : K\u00e9nitra et Mehdia retournent en confinement<\/strong><\/a><\/p>\n<p>Auteur: Adama Sylla<br \/>\n<a href=\"https:\/\/www.challenge.ma\/tourisme-les-operateurs-pris-a-leur-propre-piege-156512\/\">Cliquez ici pour lire l&rsquo;article depuis sa source.<\/a><\/p>\n","protected":false},"excerpt":{"rendered":"<p>Pas encore d\u2019engouement pour l\u2019indemnit\u00e9 Covid-19 au profit des salari\u00e9s et des stagiaires sous contrat insertion en arr\u00eat temporaire de travail dans le secteur du tourisme. L\u00e0 o\u00f9 le gouvernement recense 120.000 salari\u00e9s, les op\u00e9rateurs de l\u2019industrie touristique affirment qu\u2019un demi-million de personnes seraient concern\u00e9es. Pourquoi ce gap\u00a0? Depuis le mardi 8 septembre et ce [&hellip;]<\/p>\n","protected":false},"author":1787,"featured_media":0,"comment_status":"closed","ping_status":"closed","sticky":false,"template":"","format":"standard","meta":{"fifu_image_url":"","fifu_image_alt":"","footnotes":""},"categories":[78,54],"tags":[],"class_list":["post-98721","post","type-post","status-publish","format-standard","hentry","category-economie","category-maroc"],"_links":{"self":[{"href":"https:\/\/linitiative.ca\/International\/wp-json\/wp\/v2\/posts\/98721","targetHints":{"allow":["GET"]}}],"collection":[{"href":"https:\/\/linitiative.ca\/International\/wp-json\/wp\/v2\/posts"}],"about":[{"href":"https:\/\/linitiative.ca\/International\/wp-json\/wp\/v2\/types\/post"}],"author":[{"embeddable":true,"href":"https:\/\/linitiative.ca\/International\/wp-json\/wp\/v2\/users\/1787"}],"replies":[{"embeddable":true,"href":"https:\/\/linitiative.ca\/International\/wp-json\/wp\/v2\/comments?post=98721"}],"version-history":[{"count":0,"href":"https:\/\/linitiative.ca\/International\/wp-json\/wp\/v2\/posts\/98721\/revisions"}],"wp:attachment":[{"href":"https:\/\/linitiative.ca\/International\/wp-json\/wp\/v2\/media?parent=98721"}],"wp:term":[{"taxonomy":"category","embeddable":true,"href":"https:\/\/linitiative.ca\/International\/wp-json\/wp\/v2\/categories?post=98721"},{"taxonomy":"post_tag","embeddable":true,"href":"https:\/\/linitiative.ca\/International\/wp-json\/wp\/v2\/tags?post=98721"}],"curies":[{"name":"wp","href":"https:\/\/api.w.org\/{rel}","templated":true}]}}