{"id":98744,"date":"2020-09-13T06:18:03","date_gmt":"2020-09-13T10:18:03","guid":{"rendered":"https:\/\/linitiative.ca\/International\/peche-la-cote-divoire-invitee-a-se-doter-de-navires-battant-pavillon-ivoirien\/"},"modified":"2020-09-13T06:18:03","modified_gmt":"2020-09-13T10:18:03","slug":"peche-la-cote-divoire-invitee-a-se-doter-de-navires-battant-pavillon-ivoirien","status":"publish","type":"post","link":"https:\/\/linitiative.ca\/International\/peche-la-cote-divoire-invitee-a-se-doter-de-navires-battant-pavillon-ivoirien\/","title":{"rendered":"P\u00eache: la C\u00f4te d\u2019Ivoire invit\u00e9e \u00e0 se doter de navires battant pavillon ivoirien"},"content":{"rendered":"<div readability=\"32\">\n<p>Publi\u00e9 le 13.09.2020 \u00e0 11h18 par APA News<\/p>\n<\/div>\n<div readability=\"55\">\n<p>Une entreprise, sp\u00e9cialis\u00e9e dans la transformation de thon, a plaid\u00e9 vendredi \u00e0 Abidjan, afin que les autorit\u00e9s ivoiriennes dotent le pays de navires battant pavillon, ce qui r\u00e9duirait les co\u00fbts des produits au b\u00e9n\u00e9fice des populations.\u00ab La \u00a0C\u00f4te d\u2019Ivoire a un important port commercial et industriel. Mais Il n\u2019y a pas de bateaux arborant les pavillons ivoiriens. Nous avons la possibilit\u00e9 de faire des investissements pour la croissance du secteur de la p\u00eache \u00bb, a souhait\u00e9 Sergio Tommasini, le nouveau Pr\u00e9sident directeur g\u00e9n\u00e9ral de Airone C\u00f4te d\u2019Ivoire qui s\u2019exprimait dans une c\u00e9r\u00e9monie de pr\u00e9sentation \u00e0 la presse.<\/p>\n<p>\u00a0\u00ab Je pense qu\u2019il est tr\u00e8s important pour le futur de ce pays d\u2019avoir des bateaux avec pavillon national ivoirien\u00bb, a-t-il ajout\u00e9, expliquant que \u00ab si la C\u00f4te d\u2019Ivoire se dote de navires battant pavillon ivoirien, cela permettra de r\u00e9duire les co\u00fbts de leurs produits au b\u00e9n\u00e9fice des populations \u00bb.<\/p>\n<p>\u00ab Nous avons d\u00e9fini ensemble un nouveau programme industriel et nous affronterons ce moment de transition avec s\u00e9r\u00e9nit\u00e9 pour envisager 2021 avec des perspectives importantes. Je veux concentrer les efforts de toute mon \u00e9quipe sur la comp\u00e9titivit\u00e9 de l\u2019entreprise sur le march\u00e9 local et international. Nous devons investir sur le capital humain\u00bb, a dit M. Tommasini en d\u00e9voilant les perspectives de son entreprise pr\u00e9sente en C\u00f4te d\u2019Ivoire depuis 1994.<\/p>\n<\/div>\n<p>Auteur: APA News<br \/>\n<a href=\"https:\/\/www.journalducameroun.com\/peche-la-cote-divoire-invitee-a-se-doter-de-navires-battant-pavillon-ivoirien\/\">Cliquez ici pour lire l&rsquo;article depuis sa source.<\/a><\/p>\n","protected":false},"excerpt":{"rendered":"<p>Publi\u00e9 le 13.09.2020 \u00e0 11h18 par APA News Une entreprise, sp\u00e9cialis\u00e9e dans la transformation de thon, a plaid\u00e9 vendredi \u00e0 Abidjan, afin que les autorit\u00e9s ivoiriennes dotent le pays de navires battant pavillon, ce qui r\u00e9duirait les co\u00fbts des produits au b\u00e9n\u00e9fice des populations.\u00ab La \u00a0C\u00f4te d\u2019Ivoire a un important port commercial et industriel. Mais [&hellip;]<\/p>\n","protected":false},"author":1965,"featured_media":0,"comment_status":"closed","ping_status":"closed","sticky":false,"template":"","format":"standard","meta":{"fifu_image_url":"","fifu_image_alt":"","footnotes":""},"categories":[73,82],"tags":[],"class_list":["post-98744","post","type-post","status-publish","format-standard","hentry","category-actualite","category-cameroun"],"_links":{"self":[{"href":"https:\/\/linitiative.ca\/International\/wp-json\/wp\/v2\/posts\/98744","targetHints":{"allow":["GET"]}}],"collection":[{"href":"https:\/\/linitiative.ca\/International\/wp-json\/wp\/v2\/posts"}],"about":[{"href":"https:\/\/linitiative.ca\/International\/wp-json\/wp\/v2\/types\/post"}],"author":[{"embeddable":true,"href":"https:\/\/linitiative.ca\/International\/wp-json\/wp\/v2\/users\/1965"}],"replies":[{"embeddable":true,"href":"https:\/\/linitiative.ca\/International\/wp-json\/wp\/v2\/comments?post=98744"}],"version-history":[{"count":0,"href":"https:\/\/linitiative.ca\/International\/wp-json\/wp\/v2\/posts\/98744\/revisions"}],"wp:attachment":[{"href":"https:\/\/linitiative.ca\/International\/wp-json\/wp\/v2\/media?parent=98744"}],"wp:term":[{"taxonomy":"category","embeddable":true,"href":"https:\/\/linitiative.ca\/International\/wp-json\/wp\/v2\/categories?post=98744"},{"taxonomy":"post_tag","embeddable":true,"href":"https:\/\/linitiative.ca\/International\/wp-json\/wp\/v2\/tags?post=98744"}],"curies":[{"name":"wp","href":"https:\/\/api.w.org\/{rel}","templated":true}]}}