{"id":98745,"date":"2020-09-13T07:18:03","date_gmt":"2020-09-13T11:18:03","guid":{"rendered":"https:\/\/linitiative.ca\/International\/presidentielle-ivoirienne-la-cote-divoire-est-un-pays-souverain-alassane-ouattara\/"},"modified":"2020-09-13T07:18:03","modified_gmt":"2020-09-13T11:18:03","slug":"presidentielle-ivoirienne-la-cote-divoire-est-un-pays-souverain-alassane-ouattara","status":"publish","type":"post","link":"https:\/\/linitiative.ca\/International\/presidentielle-ivoirienne-la-cote-divoire-est-un-pays-souverain-alassane-ouattara\/","title":{"rendered":"Pr\u00e9sidentielle ivoirienne: la C\u00f4te d\u2019Ivoire est un pays souverain (Alassane Ouattara)"},"content":{"rendered":"<div readability=\"32\">\n<p>Publi\u00e9 le 13.09.2020 \u00e0 12h18 par APA News<\/p>\n<\/div>\n<div readability=\"71\">\n<p>Le chef de l\u2019Etat ivoirien Alassane Ouattara a estim\u00e9, samedi \u00e0 Bongouanou (Centre-Est) o\u00f9 il a achev\u00e9 une visite d\u2019Etat de quatre jours dans la r\u00e9gion de Moronou que la C\u00f4te d\u2019Ivoire est un \u00abpays souverain\u00bb, ajoutant que \u00ab nous devrions faire confiance \u00e0 nos institutions\u00bb.\u00ab Je peux vous rappeler que la C\u00f4te d\u2019Ivoire est un pays souverain. C\u2019est pour cela, (\u2026) nous devrions faire confiance \u00e0 nos institutions \u00bb, a d\u00e9clar\u00e9 M. Ouattara, interrog\u00e9 dans une conf\u00e9rence de presse par un journaliste sur sa recentre rencontre \u00e0 Paris avec le pr\u00e9sident fran\u00e7ais, Emmanuel Macron.<\/p>\n<p>\u00ab Arr\u00eatez de penser que les d\u00e9cisions doivent \u00eatre prises \u00e0 Paris ou \u00e0 New-York ou ailleurs. Les d\u00e9cisions sont prises en C\u00f4te d\u2019Ivoire, par les Ivoiriens et par les institutions ivoiriennes \u00bb, a-t-il ajout\u00e9.<\/p>\n<p>Elu en 2010 puis r\u00e9\u00e9lu en 2015, le chef de l\u2019Etat, 78 ans, avait initialement d\u00e9cid\u00e9 en mars de ne pas briguer un autre mandat, passant le relais \u00e0 son premier ministre, Amadou Gon Coulibaly. Mais le d\u00e9c\u00e8s brutal de celui-ci le 8 juillet, a contraint M. Ouattara \u00e0 revoir ses plans et \u00e0 annoncer qu\u2019il est candidat.<\/p>\n<p>Pour l\u2019opposition, cette nouvelle candidature est une violation de la constitution adopt\u00e9e en 2016 qui interdit un troisi\u00e8me mandat \u00e0 M. Ouattara.<\/p>\n<p>De son c\u00f4t\u00e9, le camp pr\u00e9sidentiel estime que cette nouvelle constitution qui limite \u00e0 deux les mandats pr\u00e9sidentiels a remis le compteur \u00e0 z\u00e9ro. D\u00e8s lors, il s\u2019agit du premier mandat de la troisi\u00e8me R\u00e9publique.<\/p>\n<p>Il revient au Conseil constitutionnel qui a re\u00e7u 44 dossiers de candidatures pour l\u2019\u00e9lection pr\u00e9sidentielle du 31 octobre prochain de trancher ce d\u00e9bat.<\/p>\n<\/div>\n<p>Auteur: APA News<br \/>\n<a href=\"https:\/\/www.journalducameroun.com\/presidentielle-ivoirienne-la-cote-divoire-est-un-pays-souverain-alassane-ouattara\/\">Cliquez ici pour lire l&rsquo;article depuis sa source.<\/a><\/p>\n","protected":false},"excerpt":{"rendered":"<p>Publi\u00e9 le 13.09.2020 \u00e0 12h18 par APA News Le chef de l\u2019Etat ivoirien Alassane Ouattara a estim\u00e9, samedi \u00e0 Bongouanou (Centre-Est) o\u00f9 il a achev\u00e9 une visite d\u2019Etat de quatre jours dans la r\u00e9gion de Moronou que la C\u00f4te d\u2019Ivoire est un \u00abpays souverain\u00bb, ajoutant que \u00ab nous devrions faire confiance \u00e0 nos institutions\u00bb.\u00ab Je [&hellip;]<\/p>\n","protected":false},"author":1965,"featured_media":0,"comment_status":"closed","ping_status":"closed","sticky":false,"template":"","format":"standard","meta":{"fifu_image_url":"","fifu_image_alt":"","footnotes":""},"categories":[73,82],"tags":[],"class_list":["post-98745","post","type-post","status-publish","format-standard","hentry","category-actualite","category-cameroun"],"_links":{"self":[{"href":"https:\/\/linitiative.ca\/International\/wp-json\/wp\/v2\/posts\/98745","targetHints":{"allow":["GET"]}}],"collection":[{"href":"https:\/\/linitiative.ca\/International\/wp-json\/wp\/v2\/posts"}],"about":[{"href":"https:\/\/linitiative.ca\/International\/wp-json\/wp\/v2\/types\/post"}],"author":[{"embeddable":true,"href":"https:\/\/linitiative.ca\/International\/wp-json\/wp\/v2\/users\/1965"}],"replies":[{"embeddable":true,"href":"https:\/\/linitiative.ca\/International\/wp-json\/wp\/v2\/comments?post=98745"}],"version-history":[{"count":0,"href":"https:\/\/linitiative.ca\/International\/wp-json\/wp\/v2\/posts\/98745\/revisions"}],"wp:attachment":[{"href":"https:\/\/linitiative.ca\/International\/wp-json\/wp\/v2\/media?parent=98745"}],"wp:term":[{"taxonomy":"category","embeddable":true,"href":"https:\/\/linitiative.ca\/International\/wp-json\/wp\/v2\/categories?post=98745"},{"taxonomy":"post_tag","embeddable":true,"href":"https:\/\/linitiative.ca\/International\/wp-json\/wp\/v2\/tags?post=98745"}],"curies":[{"name":"wp","href":"https:\/\/api.w.org\/{rel}","templated":true}]}}