{"id":98762,"date":"2020-09-14T11:03:06","date_gmt":"2020-09-14T15:03:06","guid":{"rendered":"https:\/\/linitiative.ca\/International\/hicham-lahlou-signe-la-derniere-collection-morocco-pour-haviland\/"},"modified":"2020-09-14T11:03:06","modified_gmt":"2020-09-14T15:03:06","slug":"hicham-lahlou-signe-la-derniere-collection-morocco-pour-haviland","status":"publish","type":"post","link":"https:\/\/linitiative.ca\/International\/hicham-lahlou-signe-la-derniere-collection-morocco-pour-haviland\/","title":{"rendered":"Hicham Lahlou signe la derni\u00e8re collection \u00abMorocco\u00bb pour Haviland"},"content":{"rendered":"<p><img decoding=\"async\" class=\"post_layout_5_img\" src=\"http:\/\/aujourdhui.ma\/wp-content\/uploads\/2017\/03\/hicham-lahlou.jpg\" alt=\"Hicham Lahlou signe la derni&#xE8;re collection &#xAB;Morocco&#xBB; pour Haviland\"\/><\/p>\n<p><strong>Marque et manufacture de porcelaine fran\u00e7aise<\/strong><br \/><span id=\"more-355347\"\/><\/p>\n<p>Le designer marocain Hicham Lahlou a sign\u00e9 la collection \u00abMorocco\u00bb pour la marque et manufacture de porcelaine Haviland, a indiqu\u00e9 la maison fran\u00e7aise dans un communiqu\u00e9. Le designer s\u2019est associ\u00e9 au lancement de cette derni\u00e8re collection, intitul\u00e9e \u00abMorocco\u00bb, en signant \u00abun ensemble de coupelles d\u00e9coratives enserrant une bougie aux parfums de fleurs d\u2019oranger\u00bb, a pr\u00e9cis\u00e9 Haviland. \u00abUn voyage sensoriel qui nous transporte dans les plus belles vall\u00e9es du Maroc\u00bb, s\u2019est r\u00e9jouie la compagnie, ajoutant que cette collection d\u2019objets d\u00e9coratifs r\u00e9v\u00e8le \u00abun c\u0153ur qui nous invite \u00e0 la d\u00e9couverte de son plus beau secret\u00bb. \u00abAvec ce projet et ses symboles, Hicham Lahlou nous livre son amour de la culture marocaine, riche de son artisanat et de son art de recevoir\u00bb, a poursuivi la maison. A travers cette collection, actuellement pr\u00e9sent\u00e9e dans le cadre de Paris Design Week 2020 by Maison et Objets, la Maison Haviland \u00abfait de la ville de Marrakech son \u00e9crin d\u2019inspiration, o\u00f9 la porcelaine devient un acteur incontournable de l\u2019art de vivre \u00e0 travers le monde\u00bb.<\/p>\n<p>Architecte d\u2019int\u00e9rieur, artiste, reconnu \u00e0 la fois pour son trait de crayon unique et son travail sur les lignes mais aussi pour ses partis pris artistiques innovants et un visionnaire ayant un talent de diplomate remarqu\u00e9, Hicham Lahlou est surnomm\u00e9 \u00abl\u2019Ambassadeur\u00bb. Porte-drapeau du design national marocain, il est un des grands leaders du design africain et arabe \u00e0 l\u2019international.<\/p>\n<p>Figure embl\u00e9matique mondialement reconnue, il signe de grands projets et des collections \u00e9dit\u00e9es par de prestigieuses marques \u00e0 l\u2019international, telles que Ecart International, Lip, Aquamass, Citco Italy, Daum, et derni\u00e8rement Haviland et fonde le projet Africa Design Award &amp; Days (ADA, ADD) qu\u2019il fonde en 2014 et dirige en tant qu\u2019un des leaders du design africain.<\/p>\n<p>Auteur: ALM<br \/>\n<a href=\"https:\/\/aujourdhui.ma\/culture\/hicham-lahlou-signe-la-derniere-collection-morocco-pour-haviland\">Cliquez ici pour lire l&rsquo;article depuis sa source.<\/a><\/p>\n","protected":false},"excerpt":{"rendered":"<p>Marque et manufacture de porcelaine fran\u00e7aise Le designer marocain Hicham Lahlou a sign\u00e9 la collection \u00abMorocco\u00bb pour la marque et manufacture de porcelaine Haviland, a indiqu\u00e9 la maison fran\u00e7aise dans un communiqu\u00e9. Le designer s\u2019est associ\u00e9 au lancement de cette derni\u00e8re collection, intitul\u00e9e \u00abMorocco\u00bb, en signant \u00abun ensemble de coupelles d\u00e9coratives enserrant une bougie aux [&hellip;]<\/p>\n","protected":false},"author":1759,"featured_media":98763,"comment_status":"closed","ping_status":"closed","sticky":false,"template":"","format":"standard","meta":{"fifu_image_url":"","fifu_image_alt":"","footnotes":""},"categories":[73,54],"tags":[],"class_list":["post-98762","post","type-post","status-publish","format-standard","has-post-thumbnail","hentry","category-actualite","category-maroc"],"_links":{"self":[{"href":"https:\/\/linitiative.ca\/International\/wp-json\/wp\/v2\/posts\/98762","targetHints":{"allow":["GET"]}}],"collection":[{"href":"https:\/\/linitiative.ca\/International\/wp-json\/wp\/v2\/posts"}],"about":[{"href":"https:\/\/linitiative.ca\/International\/wp-json\/wp\/v2\/types\/post"}],"author":[{"embeddable":true,"href":"https:\/\/linitiative.ca\/International\/wp-json\/wp\/v2\/users\/1759"}],"replies":[{"embeddable":true,"href":"https:\/\/linitiative.ca\/International\/wp-json\/wp\/v2\/comments?post=98762"}],"version-history":[{"count":0,"href":"https:\/\/linitiative.ca\/International\/wp-json\/wp\/v2\/posts\/98762\/revisions"}],"wp:featuredmedia":[{"embeddable":true,"href":"https:\/\/linitiative.ca\/International\/wp-json\/"}],"wp:attachment":[{"href":"https:\/\/linitiative.ca\/International\/wp-json\/wp\/v2\/media?parent=98762"}],"wp:term":[{"taxonomy":"category","embeddable":true,"href":"https:\/\/linitiative.ca\/International\/wp-json\/wp\/v2\/categories?post=98762"},{"taxonomy":"post_tag","embeddable":true,"href":"https:\/\/linitiative.ca\/International\/wp-json\/wp\/v2\/tags?post=98762"}],"curies":[{"name":"wp","href":"https:\/\/api.w.org\/{rel}","templated":true}]}}