{"id":98771,"date":"2020-09-14T08:14:47","date_gmt":"2020-09-14T12:14:47","guid":{"rendered":"https:\/\/linitiative.ca\/International\/covid-19-lhopital-de-campagne-del-menzah-operationnel\/"},"modified":"2020-09-14T08:14:47","modified_gmt":"2020-09-14T12:14:47","slug":"covid-19-lhopital-de-campagne-del-menzah-operationnel","status":"publish","type":"post","link":"https:\/\/linitiative.ca\/International\/covid-19-lhopital-de-campagne-del-menzah-operationnel\/","title":{"rendered":"Covid-19: L\u2019h\u00f4pital de campagne d\u2019El Menzah op\u00e9rationnel"},"content":{"rendered":"<div class=\"desc descp__content\" data-io-article-url=\"https:\/\/www.mosaiquefm.net\/fr\/actualite-national-tunisie\/794849\/covid-19-l-hopital-de-campagne-d-el-menzah-operationnel\">\n<p>L\u2019h\u00f4pital de campagne install\u00e9 \u00e0 la cit\u00e9 sportive d\u2019El Menzah accueillera, \u00e0 partir de demain mardi, les premiers malades atteints de la COVID-19, a annonc\u00e9 lundi Nissaf Ben Alaya, coordinatrice nationale et porte-parole du programme anti-COVID19.<\/p>\n<p>\u00ab Cet h\u00f4pital dont la capacit\u00e9 d\u2019accueil s\u2019\u00e9l\u00e8ve \u00e0 86 lits \u00e9quip\u00e9s de respirateurs, appuiera les efforts des h\u00f4pitaux publics et am\u00e9liorera la prise en charge des malades \u00bb, a -t-elle signal\u00e9 dans une d\u00e9claration \u00e0 l\u2019agence TAP.<br \/>Elle a, en outre, ajout\u00e9 qu\u2019une \u00e9quipe m\u00e9dicale et param\u00e9dicale sera mobilis\u00e9e pour r\u00e9pondre aux besoins additionnels de prise en charge des malades atteints de la COVID-19 dont le nombre ne cesse d\u2019augmenter, depuis la r\u00e9ouverture des fronti\u00e8res le 27 juin dernier.<br \/>Ben Alaya a rappel\u00e9 que cet h\u00f4pital a \u00e9t\u00e9 install\u00e9 depuis le mois de mai dernier, en pr\u00e9vision d\u2019une possible augmentation de la demande et la saturation des h\u00f4pitaux.<br \/>Elle a, par ailleurs, pr\u00e9cis\u00e9 que la plupart des d\u00e9c\u00e8s par le coronavirus en Tunisie sont survenus dans les h\u00f4pitaux.<br \/>\u00ab quelques-uns seulement sont morts chez eux ou pendant leur transfert vers l\u2019h\u00f4pital \u00ab , a-t-elle assur\u00e9.<br \/>A noter que selon le dernier bilan du minist\u00e8re de la Sant\u00e9, en date du 10 septembre 2020, 106 malades atteints de la COVID-19 \u00e9taient hospitalis\u00e9s dont 26 admis en soins intensifs.<br \/>Au total 107 d\u00e9c\u00e8s par le coronavirus ont \u00e9t\u00e9 enregistr\u00e9s en Tunisie depuis le mois de mars dernier jusqu\u2019au 10 septembre en cours. La moyenne d\u2019\u00e2ge des personnes d\u00e9c\u00e9d\u00e9es est de 70 ans.<\/p>\n<p>SOURCE:mosaiquefm<\/p>\n<\/div>\n<div class=\"wp-post-author-wrap wp-post-author-shortcode left\">\n<h3 class=\"awpa-title\"\/>\n<div class=\"wp-post-author\">\n<div class=\"awpa-img awpa-author-block square\"><a href=\"http:\/\/lexpertjournal.net\/fr\/?author=5\"><img loading=\"lazy\" decoding=\"async\" alt=\"\" src=\"http:\/\/0.gravatar.com\/avatar\/97f8e10a1c1125ba104a76514ee07b16?s=150&amp;d=mm&amp;r=g\" srcset=\"http:\/\/0.gravatar.com\/avatar\/97f8e10a1c1125ba104a76514ee07b16?s=300&amp;d=mm&amp;r=g 2x\" class=\"avatar avatar-150 photo\" height=\"150\" width=\"150\"\/><\/a><\/div>\n<\/div>\n<\/div>\n<aside class=\"mashsb-container mashsb-main mashsb-stretched\">\n<\/aside>\n<p>Auteur: L&rsquo;expert<br \/>\n<a href=\"http:\/\/lexpertjournal.net\/fr\/?p=16577\">Cliquez ici pour lire l&rsquo;article depuis sa source.<\/a><\/p>\n","protected":false},"excerpt":{"rendered":"<p>L\u2019h\u00f4pital de campagne install\u00e9 \u00e0 la cit\u00e9 sportive d\u2019El Menzah accueillera, \u00e0 partir de demain mardi, les premiers malades atteints de la COVID-19, a annonc\u00e9 lundi Nissaf Ben Alaya, coordinatrice nationale et porte-parole du programme anti-COVID19. \u00ab Cet h\u00f4pital dont la capacit\u00e9 d\u2019accueil s\u2019\u00e9l\u00e8ve \u00e0 86 lits \u00e9quip\u00e9s de respirateurs, appuiera les efforts des h\u00f4pitaux [&hellip;]<\/p>\n","protected":false},"author":1775,"featured_media":0,"comment_status":"closed","ping_status":"closed","sticky":false,"template":"","format":"standard","meta":{"fifu_image_url":"","fifu_image_alt":"","footnotes":""},"categories":[78,55],"tags":[],"class_list":["post-98771","post","type-post","status-publish","format-standard","hentry","category-economie","category-tunisie"],"_links":{"self":[{"href":"https:\/\/linitiative.ca\/International\/wp-json\/wp\/v2\/posts\/98771","targetHints":{"allow":["GET"]}}],"collection":[{"href":"https:\/\/linitiative.ca\/International\/wp-json\/wp\/v2\/posts"}],"about":[{"href":"https:\/\/linitiative.ca\/International\/wp-json\/wp\/v2\/types\/post"}],"author":[{"embeddable":true,"href":"https:\/\/linitiative.ca\/International\/wp-json\/wp\/v2\/users\/1775"}],"replies":[{"embeddable":true,"href":"https:\/\/linitiative.ca\/International\/wp-json\/wp\/v2\/comments?post=98771"}],"version-history":[{"count":0,"href":"https:\/\/linitiative.ca\/International\/wp-json\/wp\/v2\/posts\/98771\/revisions"}],"wp:attachment":[{"href":"https:\/\/linitiative.ca\/International\/wp-json\/wp\/v2\/media?parent=98771"}],"wp:term":[{"taxonomy":"category","embeddable":true,"href":"https:\/\/linitiative.ca\/International\/wp-json\/wp\/v2\/categories?post=98771"},{"taxonomy":"post_tag","embeddable":true,"href":"https:\/\/linitiative.ca\/International\/wp-json\/wp\/v2\/tags?post=98771"}],"curies":[{"name":"wp","href":"https:\/\/api.w.org\/{rel}","templated":true}]}}