{"id":98773,"date":"2020-09-14T12:16:44","date_gmt":"2020-09-14T16:16:44","guid":{"rendered":"https:\/\/linitiative.ca\/International\/de-nouvelles-mesures-preventives-anti-covid-a-partir-du-14-septembre\/"},"modified":"2020-09-14T12:16:44","modified_gmt":"2020-09-14T16:16:44","slug":"de-nouvelles-mesures-preventives-anti-covid-a-partir-du-14-septembre","status":"publish","type":"post","link":"https:\/\/linitiative.ca\/International\/de-nouvelles-mesures-preventives-anti-covid-a-partir-du-14-septembre\/","title":{"rendered":"De nouvelles mesures pr\u00e9ventives anti-Covid \u00e0 partir du 14 septembre"},"content":{"rendered":"<div class=\"single-featured\"><img alt=\"\" data-src=\"http:\/\/www.mapmarrakech.ma\/map\/uploads\/2020\/09\/mesures.jpg\"\/><\/div>\n<div class=\"single-post-excerpt post-excerpt-bc\" readability=\"39\">\n<p>Youssoufia \u2013 Les autorit\u00e9s provinciales de Youssoufia ont annonc\u00e9, dimanche, l\u2019adoption d\u2019une nouvelle batterie de mesures qui entreront en vigueur \u00e0 compter du lundi 14 septembre pour une dur\u00e9e de 10 jours renouvelables et ce, afin de faire face \u00e0 la situation \u00e9pid\u00e9miologique au niveau de la province, et freiner la propagation de la pand\u00e9mie du coronavirus.<\/p>\n<\/div>\n<div class=\"entry-content clearfix single-post-content\" readability=\"71\">\n<p>Dans ce sens, le gouverneur de la province de Youssoufia, M. Mohamed Salem Essabti, a \u00e9mis une d\u00e9cision portant sur la fixation des horaires de fermeture de commerces et espaces publics et ce, en ad\u00e9quation avec l\u2019ensemble des mesures qu\u2019exige la pr\u00e9servation de la s\u00e9curit\u00e9 sanitaire au niveau de province, dans le but d\u2019enrayer la propagation de la COVID-19.<\/p>\n<p>En vertu de cette d\u00e9cision, il a \u00e9t\u00e9 d\u00e9cid\u00e9 de fixer l\u2019horaire de fermeture des espaces de commerce de proximit\u00e9 \u00e0 18h, des ateliers \u00e0 20h, des commerces, des caf\u00e9s et des restaurants \u00e0 22h, outre l\u2019interdiction de la diffusion sur \u00e9crans TV des caf\u00e9s, des rencontres sportives. De m\u00eame, il a \u00e9t\u00e9 d\u00e9cid\u00e9 d\u2019interdire les rassemblements publics et l\u2019organisation de festivit\u00e9s.<\/p>\n<p>Ces nouvelles mesures pr\u00e9ventives anti-Covid seront observ\u00e9es pendant 10 jours renouvelables \u00e0 compter de lundi 14 septembre et ce, en fonction de l\u2019\u00e9volution de la situation \u00e9pid\u00e9miologique au niveau de la province, \u00e0 l\u2019exception, toutefois, de l\u2019interdiction de la diffusion des matches\u00a0 par caf\u00e9s; qui restera en vigueur tout au long de la p\u00e9riode de l\u2019\u00e9tat d\u2019urgence sanitaire.<\/p>\n<p>Toute violation de ces dispositions exposera les contrevenants \u00e0 des poursuites l\u00e9gales selon les textes et lois en vigueur dans le cadre de l\u2019\u00e9tat d\u2019urgence sanitaire, lit-on dans le document portant d\u00e9cision du gouverneur de la province.<\/p>\n<p>La mise en application de ces mesures est confi\u00e9e aux autorit\u00e9s judiciaires comp\u00e9tentes, aux autorit\u00e9s locales et aux services s\u00e9curitaires, chacun selon son domaine de comp\u00e9tences.<\/p>\n<\/div>\n<p>Auteur: Meriem IGASS<br \/>\n<a href=\"http:\/\/www.mapmarrakech.ma\/fr\/de-nouvelles-mesures-preventives-anti-covid-a-partir-du-14-septembre\/\">Cliquez ici pour lire l&rsquo;article depuis sa source.<\/a><\/p>\n","protected":false},"excerpt":{"rendered":"<p>Youssoufia \u2013 Les autorit\u00e9s provinciales de Youssoufia ont annonc\u00e9, dimanche, l\u2019adoption d\u2019une nouvelle batterie de mesures qui entreront en vigueur \u00e0 compter du lundi 14 septembre pour une dur\u00e9e de 10 jours renouvelables et ce, afin de faire face \u00e0 la situation \u00e9pid\u00e9miologique au niveau de la province, et freiner la propagation de la pand\u00e9mie [&hellip;]<\/p>\n","protected":false},"author":1788,"featured_media":98774,"comment_status":"closed","ping_status":"closed","sticky":false,"template":"","format":"standard","meta":{"fifu_image_url":"","fifu_image_alt":"","footnotes":""},"categories":[54,76],"tags":[],"class_list":["post-98773","post","type-post","status-publish","format-standard","has-post-thumbnail","hentry","category-maroc","category-regions"],"_links":{"self":[{"href":"https:\/\/linitiative.ca\/International\/wp-json\/wp\/v2\/posts\/98773","targetHints":{"allow":["GET"]}}],"collection":[{"href":"https:\/\/linitiative.ca\/International\/wp-json\/wp\/v2\/posts"}],"about":[{"href":"https:\/\/linitiative.ca\/International\/wp-json\/wp\/v2\/types\/post"}],"author":[{"embeddable":true,"href":"https:\/\/linitiative.ca\/International\/wp-json\/wp\/v2\/users\/1788"}],"replies":[{"embeddable":true,"href":"https:\/\/linitiative.ca\/International\/wp-json\/wp\/v2\/comments?post=98773"}],"version-history":[{"count":0,"href":"https:\/\/linitiative.ca\/International\/wp-json\/wp\/v2\/posts\/98773\/revisions"}],"wp:featuredmedia":[{"embeddable":true,"href":"https:\/\/linitiative.ca\/International\/wp-json\/"}],"wp:attachment":[{"href":"https:\/\/linitiative.ca\/International\/wp-json\/wp\/v2\/media?parent=98773"}],"wp:term":[{"taxonomy":"category","embeddable":true,"href":"https:\/\/linitiative.ca\/International\/wp-json\/wp\/v2\/categories?post=98773"},{"taxonomy":"post_tag","embeddable":true,"href":"https:\/\/linitiative.ca\/International\/wp-json\/wp\/v2\/tags?post=98773"}],"curies":[{"name":"wp","href":"https:\/\/api.w.org\/{rel}","templated":true}]}}