{"id":98779,"date":"2020-09-14T13:52:50","date_gmt":"2020-09-14T17:52:50","guid":{"rendered":"https:\/\/linitiative.ca\/International\/djelfa-une-caravane-de-sensibilisation-pour-inciter-les-jeunes-a-la-creation-de-micro-entreprises\/"},"modified":"2020-09-14T13:52:50","modified_gmt":"2020-09-14T17:52:50","slug":"djelfa-une-caravane-de-sensibilisation-pour-inciter-les-jeunes-a-la-creation-de-micro-entreprises","status":"publish","type":"post","link":"https:\/\/linitiative.ca\/International\/djelfa-une-caravane-de-sensibilisation-pour-inciter-les-jeunes-a-la-creation-de-micro-entreprises\/","title":{"rendered":"Djelfa: une caravane de sensibilisation pour inciter les jeunes \u00e0 la cr\u00e9ation de micro entreprises"},"content":{"rendered":"<div readability=\"35\">\n<p><strong>DJELFA &#8211; Une caravane de sensibilisation a \u00e9t\u00e9 lanc\u00e9e, lundi \u00e0 Djelfa, en direction des zones d\u2019ombre de la wilaya en vue d\u2019encourager les jeunes \u00e0 la cr\u00e9ation de micro entreprises.<\/strong><\/p>\n<\/div>\n<div readability=\"89\">\n<p>Le coup d\u2019envoi de cette caravane d\u2019information, initi\u00e9e en collaboration avec de nombreux partenaires concern\u00e9s, a \u00e9t\u00e9 donn\u00e9 par les autorit\u00e9s locales \u00e0 partir du chef lieu de wilaya, en direction d\u2019un nombre de zones d\u2019ombres relevant notamment des communes de Messaad, Sed Rehal, Selmana, Deldoul et Kettara.<\/p>\n<p>Selon le secr\u00e9taire g\u00e9n\u00e9ral de la wilaya, Boudjemaa Silaa, l\u2019initiative est inscrite au titre de la mise en \u0153uvre des recommandations \u00e9mises par l\u2019atelier sur les zones d\u2019ombre, ayant couronn\u00e9 la derni\u00e8re r\u00e9union Gouvernement-walis.<\/p>\n<p>Ces recommandations ont port\u00e9 notamment sur l\u2019imp\u00e9ratif de l\u2019animation de caravanes de sensibilisation visant \u00e0 inciter les populations des zones d\u2019ombre, les jeunes notamment, \u00e0 s\u2019orienter vers la cr\u00e9ation de micro entreprises, est-il ajout\u00e9 de m\u00eame source.<\/p>\n<p>Quant au directeur de l\u2019annexe locale de l\u2019Agence nationale de soutien \u00e0 l\u2019emploi des jeunes (ANSEJ), Mohamed Mohamedi, il a soulign\u00e9 l\u2019inscription de cette op\u00e9ration en droite ligne de la strat\u00e9gie du ministre d\u00e9l\u00e9gu\u00e9 aupr\u00e8s du Premier ministre, charg\u00e9 de la Micro-entreprise, pr\u00e9conisant, a-t-il dit, \u00ab\u00a0une pr\u00e9sence sur le terrain (zones d\u2019ombre) en vue d\u2019informer et sensibiliser les populations concern\u00e9es sur les moyens de cr\u00e9ation de micro entreprises et de prendre part au d\u00e9veloppement du pays\u00a0\u00bb.<\/p>\n<p>Le responsable a estim\u00e9 que la co\u00efncidence de cette caravane avec la mesure de d\u00e9confinement, est de nature \u00e0 \u00ab\u00a0inciter les jeunes \u00e0 vouloir investir le domaine de l\u2019entreprenariat, par la cr\u00e9ation de micro entreprises, et partant contribuer \u00e0 la cr\u00e9ation de l\u2019emploi et au d\u00e9veloppement\u00a0\u00bb, a-t-il indiqu\u00e9.<\/p>\n<p>Selon M. Mohamedi, la wilaya compte plus de 500 zones d\u2019ombre. \u00ab\u00a0La caravane, constitu\u00e9e de huit \u00e9quipes, va cibler dans une premi\u00e8re \u00e9tape 305 zones d\u2019ombre\u00a0\u00bb, a-t-il pr\u00e9cis\u00e9.<\/p>\n<p>Outre l\u2019ANSEJ, cette op\u00e9ration a vu la participation de l\u2019annexe locale de l\u2019Agence nationale de gestion du microcr\u00e9dit (ANGEM), de l\u2019Agence de d\u00e9veloppement social, et d\u2019autres dispositifs concern\u00e9s.<\/p>\n<\/div>\n<p>Auteur:<br \/>\n<a href=\"http:\/\/www.aps.dz\/regions\/109712-djelfa-une-caravane-de-sensibilisation-pour-inciter-les-jeunes-a-la-creation-de-micro-entreprises\">Cliquez ici pour lire l&rsquo;article depuis sa source.<\/a><\/p>\n","protected":false},"excerpt":{"rendered":"<p>DJELFA &#8211; Une caravane de sensibilisation a \u00e9t\u00e9 lanc\u00e9e, lundi \u00e0 Djelfa, en direction des zones d\u2019ombre de la wilaya en vue d\u2019encourager les jeunes \u00e0 la cr\u00e9ation de micro entreprises. Le coup d\u2019envoi de cette caravane d\u2019information, initi\u00e9e en collaboration avec de nombreux partenaires concern\u00e9s, a \u00e9t\u00e9 donn\u00e9 par les autorit\u00e9s locales \u00e0 partir [&hellip;]<\/p>\n","protected":false},"author":1790,"featured_media":0,"comment_status":"closed","ping_status":"closed","sticky":false,"template":"","format":"standard","meta":{"fifu_image_url":"","fifu_image_alt":"","footnotes":""},"categories":[53,76],"tags":[],"class_list":["post-98779","post","type-post","status-publish","format-standard","hentry","category-algerie","category-regions"],"_links":{"self":[{"href":"https:\/\/linitiative.ca\/International\/wp-json\/wp\/v2\/posts\/98779","targetHints":{"allow":["GET"]}}],"collection":[{"href":"https:\/\/linitiative.ca\/International\/wp-json\/wp\/v2\/posts"}],"about":[{"href":"https:\/\/linitiative.ca\/International\/wp-json\/wp\/v2\/types\/post"}],"author":[{"embeddable":true,"href":"https:\/\/linitiative.ca\/International\/wp-json\/wp\/v2\/users\/1790"}],"replies":[{"embeddable":true,"href":"https:\/\/linitiative.ca\/International\/wp-json\/wp\/v2\/comments?post=98779"}],"version-history":[{"count":0,"href":"https:\/\/linitiative.ca\/International\/wp-json\/wp\/v2\/posts\/98779\/revisions"}],"wp:attachment":[{"href":"https:\/\/linitiative.ca\/International\/wp-json\/wp\/v2\/media?parent=98779"}],"wp:term":[{"taxonomy":"category","embeddable":true,"href":"https:\/\/linitiative.ca\/International\/wp-json\/wp\/v2\/categories?post=98779"},{"taxonomy":"post_tag","embeddable":true,"href":"https:\/\/linitiative.ca\/International\/wp-json\/wp\/v2\/tags?post=98779"}],"curies":[{"name":"wp","href":"https:\/\/api.w.org\/{rel}","templated":true}]}}