{"id":98780,"date":"2020-09-13T18:34:34","date_gmt":"2020-09-13T22:34:34","guid":{"rendered":"https:\/\/linitiative.ca\/International\/botola-pro-d1-littihad-de-tanger-et-la-rsb-dos-a-dos\/"},"modified":"2020-09-13T18:34:34","modified_gmt":"2020-09-13T22:34:34","slug":"botola-pro-d1-littihad-de-tanger-et-la-rsb-dos-a-dos","status":"publish","type":"post","link":"https:\/\/linitiative.ca\/International\/botola-pro-d1-littihad-de-tanger-et-la-rsb-dos-a-dos\/","title":{"rendered":"Botola Pro D1: L\u2019Ittihad de Tanger et la RSB dos \u00e0 dos"},"content":{"rendered":"<p class=\"c4\">L\u2019Ittihad de Tanger et la Renaissance de Berkane se sont quitt\u00e9s sur un nul (1-1), en match retard comptant pour la 21\u00e8 journ\u00e9e de Botola Pro D1, disput\u00e9 dimanche soir au Grand Stade de Tanger.<\/p>\n<p class=\"c4\">D\u00e8s la 33\u00e8 minute, Hamdi Laachir a ouvert le score pour le compte des Berkanis, incapables de maintenir cet avantage, puisque les Tang\u00e9rois ont remis les pendules \u00e0 l\u2019heure \u00e0 la 53\u00e8 minute gr\u00e2ce \u00e0 Hatim El Ouahabi.<\/p>\n<p class=\"c4\">Gr\u00e2ce \u00e0 ce match nul, la Renaissance grimpe \u00e0 la deuxi\u00e8me marche du podium avec un total de 41 points, ex aequo avec le Wydad de Casablanca et le Mouloudia d\u2019Oujda.<\/p>\n<p class=\"c4\">Pour sa part, le club du D\u00e9troit demeure avant-dernier du classement avec un total de 22, devant le Raja de B\u00e9ni-Mellal qui a fait match nul, plus t\u00f4t dans la soir\u00e9e, face au FUS de Rabat (1-1) pour le compte de la m\u00eame journ\u00e9e.<\/p>\n<p class=\"c4\">Le Camerounais Jean-Joseph Kombous (50\u00e8) avait inscrit le premier but de la rencontre sur penalty pour le club de la capitale, avant que l\u2019attaquant Abdessalam Benjelloun n\u2019\u00e9galise pour les Mellalis \u00e0 six minutes de la fin du match.<\/p>\n<p class=\"c4\">Mercredi, le club tang\u00e9rois re\u00e7oit l\u2019AS FAR pour le compte de la 23\u00e8 journ\u00e9e (20h00), tandis que le Raja de B\u00e9ni Mellal sera en d\u00e9placement \u00e0 Casablanca pour affronter le Wydad pour le compte de la m\u00eame journ\u00e9e.<\/p>\n<p>Auteur: Soufiane ELAHMAR<br \/>\n<a href=\"http:\/\/www.mapoujda.ma\/fr\/botola-pro-d1-littihad-de-tanger-et-la-rsb-dos-a-dos\/\">Cliquez ici pour lire l&rsquo;article depuis sa source.<\/a><\/p>\n","protected":false},"excerpt":{"rendered":"<p>L\u2019Ittihad de Tanger et la Renaissance de Berkane se sont quitt\u00e9s sur un nul (1-1), en match retard comptant pour la 21\u00e8 journ\u00e9e de Botola Pro D1, disput\u00e9 dimanche soir au Grand Stade de Tanger. D\u00e8s la 33\u00e8 minute, Hamdi Laachir a ouvert le score pour le compte des Berkanis, incapables de maintenir cet avantage, [&hellip;]<\/p>\n","protected":false},"author":1788,"featured_media":0,"comment_status":"closed","ping_status":"closed","sticky":false,"template":"","format":"standard","meta":{"fifu_image_url":"","fifu_image_alt":"","footnotes":""},"categories":[54,76],"tags":[],"class_list":["post-98780","post","type-post","status-publish","format-standard","hentry","category-maroc","category-regions"],"_links":{"self":[{"href":"https:\/\/linitiative.ca\/International\/wp-json\/wp\/v2\/posts\/98780","targetHints":{"allow":["GET"]}}],"collection":[{"href":"https:\/\/linitiative.ca\/International\/wp-json\/wp\/v2\/posts"}],"about":[{"href":"https:\/\/linitiative.ca\/International\/wp-json\/wp\/v2\/types\/post"}],"author":[{"embeddable":true,"href":"https:\/\/linitiative.ca\/International\/wp-json\/wp\/v2\/users\/1788"}],"replies":[{"embeddable":true,"href":"https:\/\/linitiative.ca\/International\/wp-json\/wp\/v2\/comments?post=98780"}],"version-history":[{"count":0,"href":"https:\/\/linitiative.ca\/International\/wp-json\/wp\/v2\/posts\/98780\/revisions"}],"wp:attachment":[{"href":"https:\/\/linitiative.ca\/International\/wp-json\/wp\/v2\/media?parent=98780"}],"wp:term":[{"taxonomy":"category","embeddable":true,"href":"https:\/\/linitiative.ca\/International\/wp-json\/wp\/v2\/categories?post=98780"},{"taxonomy":"post_tag","embeddable":true,"href":"https:\/\/linitiative.ca\/International\/wp-json\/wp\/v2\/tags?post=98780"}],"curies":[{"name":"wp","href":"https:\/\/api.w.org\/{rel}","templated":true}]}}