{"id":98794,"date":"2020-09-14T15:13:21","date_gmt":"2020-09-14T19:13:21","guid":{"rendered":"https:\/\/linitiative.ca\/International\/international-om-accuse-de-racisme-par-neymar-alvaro-gonzalez-serait-menace-de-mort\/"},"modified":"2020-09-14T15:13:21","modified_gmt":"2020-09-14T19:13:21","slug":"international-om-accuse-de-racisme-par-neymar-alvaro-gonzalez-serait-menace-de-mort","status":"publish","type":"post","link":"https:\/\/linitiative.ca\/International\/international-om-accuse-de-racisme-par-neymar-alvaro-gonzalez-serait-menace-de-mort\/","title":{"rendered":"International : OM: Accus\u00e9 de racisme par Neymar, Alvaro Gonzalez serait menac\u00e9 de mort !"},"content":{"rendered":"<div readability=\"32\">\n<p>Auteur : <span class=\"time\">lundi 14 septembre 2020 18:21<\/span><\/p>\n<\/div>\n<div id=\"post_core\" readability=\"44\">\n<p>Cela faisait longtemps qu&rsquo;un Classique de la Ligue 1 n&rsquo;avait pas \u00e9t\u00e9 aussi chaud. Si le spectacle n&rsquo;a pas vraiment \u00e9t\u00e9 au rendez-vous sur le terrain entre le PSG et l&rsquo;OM (0-1), l&rsquo;ambiance entre les joueurs \u00e9tait de son c\u00f4t\u00e9 tr\u00e8s tendue. Au total, 5 acteurs ont \u00e9t\u00e9 expuls\u00e9s par l&rsquo;arbitre de la rencontre, mais un fait retient toute l&rsquo;attention ce lundi. Exclu en fin de partie, Neymar a accus\u00e9 Alvaro Gonzalez de racisme aupr\u00e8s du 4\u00e8me arbitre, une version que l&rsquo;international br\u00e9silien a confirm\u00e9e \u00e0 plusieurs reprises sur les r\u00e9seaux sociaux, m\u00eame si le d\u00e9fenseur de l&rsquo;OM assure le contraire. En attendant d&rsquo;avoir le fin mot de cette histoire, Alvaro Gonzalez est dans la tourmente, et \u00e7a ne s&rsquo;arrange pas. Comme l&rsquo;a r\u00e9v\u00e9l\u00e9 le journaliste espagnol Jos\u00e9 Luis S\u00e1nchez dans El Chiringuito ce lundi, le d\u00e9fenseur de l&rsquo;Olympique de Marseille aurait re\u00e7u des menaces de mort \u00e0 la suite de cette pol\u00e9mique. Le principal int\u00e9ress\u00e9 a pour sa part d\u00e9clar\u00e9 apr\u00e8s la rencontre qu&rsquo;il n&rsquo;existait \u00ab pas de lieu de pour le racisme. \u00bbrapporte Le 10 Sport.<\/p>\n<p><strong>Publi\u00e9 dans :<\/strong> <span>neymar<\/span><\/p>\n<\/div>\n<p>Auteur:<br \/>\n<a href=\"http:\/\/www.lebuteur.com\/article\/detail?titre=om-accuse-de-racisme-par-neymar-alvaro-gonzalez-serait-menace-de-mort&#038;id=97254&#038;utm_source=feedburner&#038;utm_medium=feed&#038;utm_campaign=Feed%3A+GalerieFArtciles+%28Les+derniers+articles++-+lebuteur.com%29\">Cliquez ici pour lire l&rsquo;article depuis sa source.<\/a><\/p>\n","protected":false},"excerpt":{"rendered":"<p>Auteur : lundi 14 septembre 2020 18:21 Cela faisait longtemps qu&rsquo;un Classique de la Ligue 1 n&rsquo;avait pas \u00e9t\u00e9 aussi chaud. Si le spectacle n&rsquo;a pas vraiment \u00e9t\u00e9 au rendez-vous sur le terrain entre le PSG et l&rsquo;OM (0-1), l&rsquo;ambiance entre les joueurs \u00e9tait de son c\u00f4t\u00e9 tr\u00e8s tendue. Au total, 5 acteurs ont \u00e9t\u00e9 [&hellip;]<\/p>\n","protected":false},"author":1738,"featured_media":98795,"comment_status":"closed","ping_status":"closed","sticky":false,"template":"","format":"standard","meta":{"fifu_image_url":"","fifu_image_alt":"","footnotes":""},"categories":[53,75],"tags":[],"class_list":["post-98794","post","type-post","status-publish","format-standard","has-post-thumbnail","hentry","category-algerie","category-sport"],"_links":{"self":[{"href":"https:\/\/linitiative.ca\/International\/wp-json\/wp\/v2\/posts\/98794","targetHints":{"allow":["GET"]}}],"collection":[{"href":"https:\/\/linitiative.ca\/International\/wp-json\/wp\/v2\/posts"}],"about":[{"href":"https:\/\/linitiative.ca\/International\/wp-json\/wp\/v2\/types\/post"}],"author":[{"embeddable":true,"href":"https:\/\/linitiative.ca\/International\/wp-json\/wp\/v2\/users\/1738"}],"replies":[{"embeddable":true,"href":"https:\/\/linitiative.ca\/International\/wp-json\/wp\/v2\/comments?post=98794"}],"version-history":[{"count":0,"href":"https:\/\/linitiative.ca\/International\/wp-json\/wp\/v2\/posts\/98794\/revisions"}],"wp:featuredmedia":[{"embeddable":true,"href":"https:\/\/linitiative.ca\/International\/wp-json\/"}],"wp:attachment":[{"href":"https:\/\/linitiative.ca\/International\/wp-json\/wp\/v2\/media?parent=98794"}],"wp:term":[{"taxonomy":"category","embeddable":true,"href":"https:\/\/linitiative.ca\/International\/wp-json\/wp\/v2\/categories?post=98794"},{"taxonomy":"post_tag","embeddable":true,"href":"https:\/\/linitiative.ca\/International\/wp-json\/wp\/v2\/tags?post=98794"}],"curies":[{"name":"wp","href":"https:\/\/api.w.org\/{rel}","templated":true}]}}