{"id":98796,"date":"2020-09-14T10:30:40","date_gmt":"2020-09-14T14:30:40","guid":{"rendered":"https:\/\/linitiative.ca\/International\/109695-jo-2021-voile-la-reprise-a-ete-progressive-et-dans-de-bonnes-conditions\/"},"modified":"2020-09-14T10:30:40","modified_gmt":"2020-09-14T14:30:40","slug":"109695-jo-2021-voile-la-reprise-a-ete-progressive-et-dans-de-bonnes-conditions","status":"publish","type":"post","link":"https:\/\/linitiative.ca\/International\/109695-jo-2021-voile-la-reprise-a-ete-progressive-et-dans-de-bonnes-conditions\/","title":{"rendered":"JO-2021\/Voile: la reprise a \u00e9t\u00e9 progressive et dans de bonnes conditions"},"content":{"rendered":"<div>\n<div class=\"K2FeedImage\"><img decoding=\"async\" src=\"http:\/\/www.aps.dz\/media\/k2\/items\/cache\/b6854b539fc657412a548c07f78f2ce3_S.jpg\" alt=\"JO-2021\/Voile: la reprise a \u00e9t\u00e9 progressive et dans de bonnes conditions\"><\/div>\n<div class=\"K2FeedIntroText\">\n<p><strong>ALGER &#8211; La reprise des entra\u00eenements des v\u00e9liplanchistes alg\u00e9riens, concern\u00e9s par les jeux Olympiques de Tokyo (23 juillet &#8211; 8 ao\u00fbt 2021), s&rsquo;est faite \u00ab\u00a0progressivement\u00a0\u00bb et dans de bonnes conditions, ont indiqu\u00e9 les entra\u00eeneurs nationaux sur la page facebook de la F\u00e9d\u00e9ration alg\u00e9rienne de voile (FAV).<\/strong><\/p>\n<\/div>\n<div class=\"K2FeedFullText\">\n<p>Regroup\u00e9s depuis plus de deux semaines \u00e0 l&rsquo;Ecole nationale des sports nautiques et subaquatiques d&rsquo;Alger-Plage (Alger), les athl\u00e8tes avaient entam\u00e9 la pr\u00e9paration par des s\u00e9ances physiques pour permettre aux coachs d\u2019\u00e9valuer leur niveau apr\u00e8s un arr\u00eat de presque six mois en raison de la pand\u00e9mie de coronavirus (Covid-19).<\/p>\n<blockquote>\n<p><em><strong>\u00ab\u00a0Apr\u00e8s tout cet arr\u00eat, il \u00e9tait primordial d&rsquo;entamer la pr\u00e9paration par des s\u00e9ances physiques afin d\u2019\u00e9valuer nos athl\u00e8tes qui ont \u00e9t\u00e9 p\u00e9nalis\u00e9s par la suspension des activit\u00e9s sportives \u00e0 cause du Covid-19\u00a0\u00bb, a indiqu\u00e9 Manar Bouhadjira, entra\u00eeneur national de la s\u00e9rie RSX (dames), ajoutant que \u00ab\u00a0la pr\u00e9paration se poursuivra avec la navigation\u00a0\u00bb.<\/strong><\/em><\/p>\n<\/blockquote>\n<p>De son c\u00f4t\u00e9, l\u2019entra\u00eeneur de la s\u00e9rie Laser Radial (dames), Mohamed Ben Ouali, a estim\u00e9 que l\u2019objectif trac\u00e9 pour ce stage et ceux qui vont suivre est de pr\u00e9parer les athl\u00e8tes au rendez-vous de Tokyo, report\u00e9 de 2020 \u00e0 2021, \u00ab\u00a0mais cela doit passer par leur remotivation et miseen confiance\u00a0\u00bb.<\/p>\n<p>D\u2019ailleurs, la derni\u00e8re visite de la secr\u00e9taire d&rsquo;Etat charg\u00e9e du sport d&rsquo;\u00e9lite, Salima Souakri, aux athl\u00e8tes et staffs technique et m\u00e9dical sur leur lieu de stage, les a boost\u00e9s pour se donner \u00e0 fond.<\/p>\n<hr>\n<h3>Lire aussi:\u00a0<a href=\"http:\/\/www.aps.dz\/sport\/108801-voile-jeux-olympiques-2021-un-stage-de-deux-semaines-pour-les-athletes-algeriens\" target=\"_blank\" rel=\"noopener noreferrer\">Voile-JO 2021: un stage de deux semaines pour les athl\u00e8tes alg\u00e9riens<\/a><br \/>\n<\/h3>\n<hr>\n<p>L\u2019athl\u00e8te de la sp\u00e9cialit\u00e9 Laser Radial, Malia Karassane, s&rsquo;est dit \u00ab\u00a0heureuse\u00a0\u00bb de reprendre les entra\u00eenements qui se d\u00e9roulent dans une ambiance \u00ab\u00a0bon enfant\u00a0\u00bb.<\/p>\n<blockquote>\n<p><em><strong>\u00ab\u00a0On essaye de s\u2019adapter avec le programme que nos entra\u00eeneurs nous ont trac\u00e9. La motivation est l\u00e0, surtout qu&rsquo;on sait qu\u2019une seconde chance de qualification nous attend. Je pense qu\u2019il faut rester motiv\u00e9, solidaire et se fixer un but dans le travail qu\u2019on fait avec nos entra\u00eeneurs\u00a0\u00bb, a dit Karassane.<\/strong><\/em><\/p>\n<\/blockquote>\n<p>Avant leur d\u00e9placement \u00e0 Alger-Plage, les v\u00e9liplanchistes alg\u00e9riens avaient pass\u00e9 le test PCR de d\u00e9tection du Covid-19.<\/p>\n<p>\u00ab\u00a0Le stage se d\u00e9roule dans de bonnes conditions, sous la supervision des entra\u00eeneurs, m\u00e9decin, mais aussi psychologue pour le soutien moral. Je pense qu\u2019apr\u00e8s une si longue interruption, la reprise devait \u00eatre progressive et c\u2019\u00e9tait le cas pour nous\u00a0\u00bb, a soulign\u00e9, pour sa part, l\u2019athl\u00e8te de RSX, Katia Belab\u00e8s.<\/p>\n<p>Il est \u00e0 rappeler que six athl\u00e8tes dont trois filles sont concern\u00e9s par le stage d\u2019Alger-Plage. Il s\u2019agit de Hamza Bouras, Ramzy Boudjatit, Amina Berrichi et Katia Belab\u00e8s (RSX), ainsi que Wassim Ziani et Malia Karassane (Laser Radial).<\/p>\n<\/div>\n<p><img loading=\"lazy\" decoding=\"async\" src=\"http:\/\/feeds.feedburner.com\/~r\/aps-sport\/~4\/lCEXvSy4Hxk\" height=\"1\" width=\"1\" alt=\"\">\n<\/div>\n<p>Auteur:<br \/>\n<a href=\"http:\/\/www.aps.dz\/sport\/109695-jo-2021-voile-la-reprise-a-ete-progressive-et-dans-de-bonnes-conditions?utm_source=feedburner&#038;utm_medium=feed&#038;utm_campaign=Feed%3A+aps-sport+%28APS+-+SPORT%29\">Cliquez ici pour lire l&rsquo;article depuis sa source.<\/a><\/p>\n","protected":false},"excerpt":{"rendered":"<p>ALGER &#8211; La reprise des entra\u00eenements des v\u00e9liplanchistes alg\u00e9riens, concern\u00e9s par les jeux Olympiques de Tokyo (23 juillet &#8211; 8 ao\u00fbt 2021), s&rsquo;est faite \u00ab\u00a0progressivement\u00a0\u00bb et dans de bonnes conditions, ont indiqu\u00e9 les entra\u00eeneurs nationaux sur la page facebook de la F\u00e9d\u00e9ration alg\u00e9rienne de voile (FAV). Regroup\u00e9s depuis plus de deux semaines \u00e0 l&rsquo;Ecole nationale [&hellip;]<\/p>\n","protected":false},"author":1790,"featured_media":98797,"comment_status":"closed","ping_status":"closed","sticky":false,"template":"","format":"standard","meta":{"fifu_image_url":"","fifu_image_alt":"","footnotes":""},"categories":[53,75],"tags":[],"class_list":["post-98796","post","type-post","status-publish","format-standard","has-post-thumbnail","hentry","category-algerie","category-sport"],"_links":{"self":[{"href":"https:\/\/linitiative.ca\/International\/wp-json\/wp\/v2\/posts\/98796","targetHints":{"allow":["GET"]}}],"collection":[{"href":"https:\/\/linitiative.ca\/International\/wp-json\/wp\/v2\/posts"}],"about":[{"href":"https:\/\/linitiative.ca\/International\/wp-json\/wp\/v2\/types\/post"}],"author":[{"embeddable":true,"href":"https:\/\/linitiative.ca\/International\/wp-json\/wp\/v2\/users\/1790"}],"replies":[{"embeddable":true,"href":"https:\/\/linitiative.ca\/International\/wp-json\/wp\/v2\/comments?post=98796"}],"version-history":[{"count":0,"href":"https:\/\/linitiative.ca\/International\/wp-json\/wp\/v2\/posts\/98796\/revisions"}],"wp:featuredmedia":[{"embeddable":true,"href":"https:\/\/linitiative.ca\/International\/wp-json\/"}],"wp:attachment":[{"href":"https:\/\/linitiative.ca\/International\/wp-json\/wp\/v2\/media?parent=98796"}],"wp:term":[{"taxonomy":"category","embeddable":true,"href":"https:\/\/linitiative.ca\/International\/wp-json\/wp\/v2\/categories?post=98796"},{"taxonomy":"post_tag","embeddable":true,"href":"https:\/\/linitiative.ca\/International\/wp-json\/wp\/v2\/tags?post=98796"}],"curies":[{"name":"wp","href":"https:\/\/api.w.org\/{rel}","templated":true}]}}