{"id":98814,"date":"2020-09-14T16:30:52","date_gmt":"2020-09-14T20:30:52","guid":{"rendered":"https:\/\/linitiative.ca\/International\/tunisie-comment-mechichi-va-t-il-se-comporter-devant-son-premier-test-serieux\/"},"modified":"2020-09-14T16:30:52","modified_gmt":"2020-09-14T20:30:52","slug":"tunisie-comment-mechichi-va-t-il-se-comporter-devant-son-premier-test-serieux","status":"publish","type":"post","link":"https:\/\/linitiative.ca\/International\/tunisie-comment-mechichi-va-t-il-se-comporter-devant-son-premier-test-serieux\/","title":{"rendered":"Tunisie \u2013 Comment Mechichi va-t-il se comporter devant son premier test s\u00e9rieux\u00a0?"},"content":{"rendered":"<div class=\"post-cont-in left relative\">\n<div id=\"post-info-wrap\" class=\"left relative post-info-out\">\n<div class=\"post-info-img left relative\"><img loading=\"lazy\" decoding=\"async\" alt=\"\" src=\"https:\/\/secure.gravatar.com\/avatar\/9f10b5e5a102bf8cc0ebfb84f5ab5652?s=50&amp;d=mm&amp;r=g\" srcset=\"https:\/\/secure.gravatar.com\/avatar\/9f10b5e5a102bf8cc0ebfb84f5ab5652?s=100&amp;d=mm&amp;r=g 2x\" class=\"avatar avatar-50 photo\" height=\"50\" width=\"50\"\/><\/div>\n<div class=\"post-info-in post-info-right left relative\">\n<div class=\"post-info-name left relative\"><span class=\"post-info-text\">Par<\/span> <span class=\"author-name vcard fn author\"><a href=\"https:\/\/www.tunisienumerique.com\/author\/ramsis\/\" title=\"Articles par Ramsis\" rel=\"author\">Ramsis<\/a><\/span> <span class=\"post-date updated\"><time class=\"post-date updated\" datetime=\"2020-09-14\">\u00a0| Il y a 1 minute<\/time><\/span><\/div>\n<div class=\"left relative\"><button id=\"listenButton1\" class=\"responsivevoice-button\" type=\"button\" value=\"Play\" title=\"&#xC9;coutez l'article\"><span>\ud83d\udd0a \u00c9coutez l&rsquo;article<\/span><\/button> <\/div>\n<\/div>\n<\/div>\n<p>Comme cela a \u00e9t\u00e9 annonc\u00e9, le directeur g\u00e9n\u00e9ral de la s\u00e9curit\u00e9 nationale vient d\u2019\u00eatre nomm\u00e9 en tant qu\u2019ambassadeur \u00e0 La Haye.<\/p>\n<div class=\"code-block code-block-1 c4\"><ins class=\"adsbygoogle c3\" data-ad-layout=\"in-article\" data-ad-format=\"fluid\" data-ad-client=\"ca-pub-2102118777505746\" data-ad-slot=\"7301775417\"\/> <\/div>\n<p>Et le probl\u00e8me qui se posera, donc, \u00e0 Hichem <a href=\"https:\/\/www.tunisienumerique.com\/tunisie-actualite\/mechichi\/\" title=\"Mechichi\" target=\"_top\" class=\"auto-link\" rel=\"noopener noreferrer\">Mechichi<\/a>, c\u2019est de choisir qui il va nommer \u00e0 sa place. En d\u2019autres termes, Mechichi va-t-il rester fid\u00e8le \u00e0 sa politique de choix de responsables apolitiques et ind\u00e9pendants, et choisir une comp\u00e9tence capable de relever les d\u00e9fis s\u00e9curitaires et travailler l\u2019int\u00e9r\u00eat du pays, et rien que l\u2019int\u00e9r\u00eat du pays ? Ou, alors, va-t-il nomme quelqu\u2019un de recommand\u00e9 par un parti ou une formation politique, notamment de ceux qui l\u2019ont rep\u00each\u00e9 le jour du vote de confiance \u00e0 l\u2019ARP ?<\/p>\n<p>Un test important que s\u2019annonce au chef du gouvernement, et du comportement de celui-ci devant cette \u00e9ch\u00e9ance d\u00e9pendront beaucoup de choses \u00e0 l\u2019avenir\u00a0!<\/p>\n<div class=\"swp_social_panel swp_horizontal_panel swp_flat_fresh swp_default_full_color swp_individual_full_color swp_other_full_color scale-100 scale-\" data-min-width=\"1100\" data-float-color=\"#ffffff\" data-float=\"bottom\" data-float-mobile=\"bottom\" data-transition=\"slide\">\n<div class=\"nc_tweetContainer swp_share_button total_shares total_sharesalt\"><span class=\"swp_count\">0 <span class=\"swp_label\">Partages<\/span><\/span><\/div>\n<\/div>\n<p><strong>Que se passe-t-il en Tunisie?<\/strong><br \/>Nous expliquons sur notre <a href=\"https:\/\/www.youtube.com\/channel\/UCRzypVq0B_yBad5eGrwBx0Q?sub_confirmation=1\" target=\"_blank\" rel=\"noopener noreferrer\">cha\u00eene YouTube<\/a> . <a href=\"https:\/\/www.youtube.com\/channel\/UCRzypVq0B_yBad5eGrwBx0Q?sub_confirmation=1\" target=\"_blank\" rel=\"noopener noreferrer\">Abonnez-vous!<\/a><\/p>\n<div class=\"mvp-org-wrap mvp-org-logo\" itemprop=\"publisher\"><img decoding=\"async\" src=\"https:\/\/www.tunisienumerique.com\/wp-content\/uploads\/2017\/02\/logo_tunisie_numerique.png\"\/><\/div>\n<div class=\"mvp-related-posts left relative\">\n<h4 class=\"post-header\"><span class=\"post-header\">Lire aussi<\/span><\/h4>\n<\/div>\n<div id=\"article-ad\"><ins class=\"adsbygoogle c5\" data-ad-client=\"ca-pub-2102118777505746\" data-ad-slot=\"6513972734\" data-ad-format=\"auto\" data-full-width-responsive=\"true\"\/> <\/div>\n<\/div>\n<div id=\"post-sidebar-wrap\"><ins class=\"adsbygoogle c5\" data-ad-client=\"ca-pub-2102118777505746\" data-ad-slot=\"6168283410\" data-ad-format=\"auto\" data-full-width-responsive=\"true\"\/> <\/div>\n<p>Auteur: Ramsis<br \/>\n<a href=\"https:\/\/www.tunisienumerique.com\/tunisie-comment-mechichi-va-t-il-se-comporter-devant-son-premier-test-serieux\/\">Cliquez ici pour lire l&rsquo;article depuis sa source.<\/a><\/p>\n","protected":false},"excerpt":{"rendered":"<p>Par Ramsis \u00a0| Il y a 1 minute \ud83d\udd0a \u00c9coutez l&rsquo;article Comme cela a \u00e9t\u00e9 annonc\u00e9, le directeur g\u00e9n\u00e9ral de la s\u00e9curit\u00e9 nationale vient d\u2019\u00eatre nomm\u00e9 en tant qu\u2019ambassadeur \u00e0 La Haye. Et le probl\u00e8me qui se posera, donc, \u00e0 Hichem Mechichi, c\u2019est de choisir qui il va nommer \u00e0 sa place. En d\u2019autres termes, [&hellip;]<\/p>\n","protected":false},"author":1789,"featured_media":0,"comment_status":"closed","ping_status":"closed","sticky":false,"template":"","format":"standard","meta":{"fifu_image_url":"","fifu_image_alt":"","footnotes":""},"categories":[73,55],"tags":[],"class_list":["post-98814","post","type-post","status-publish","format-standard","hentry","category-actualite","category-tunisie"],"_links":{"self":[{"href":"https:\/\/linitiative.ca\/International\/wp-json\/wp\/v2\/posts\/98814","targetHints":{"allow":["GET"]}}],"collection":[{"href":"https:\/\/linitiative.ca\/International\/wp-json\/wp\/v2\/posts"}],"about":[{"href":"https:\/\/linitiative.ca\/International\/wp-json\/wp\/v2\/types\/post"}],"author":[{"embeddable":true,"href":"https:\/\/linitiative.ca\/International\/wp-json\/wp\/v2\/users\/1789"}],"replies":[{"embeddable":true,"href":"https:\/\/linitiative.ca\/International\/wp-json\/wp\/v2\/comments?post=98814"}],"version-history":[{"count":0,"href":"https:\/\/linitiative.ca\/International\/wp-json\/wp\/v2\/posts\/98814\/revisions"}],"wp:attachment":[{"href":"https:\/\/linitiative.ca\/International\/wp-json\/wp\/v2\/media?parent=98814"}],"wp:term":[{"taxonomy":"category","embeddable":true,"href":"https:\/\/linitiative.ca\/International\/wp-json\/wp\/v2\/categories?post=98814"},{"taxonomy":"post_tag","embeddable":true,"href":"https:\/\/linitiative.ca\/International\/wp-json\/wp\/v2\/tags?post=98814"}],"curies":[{"name":"wp","href":"https:\/\/api.w.org\/{rel}","templated":true}]}}