{"id":98815,"date":"2020-09-14T17:15:29","date_gmt":"2020-09-14T21:15:29","guid":{"rendered":"https:\/\/linitiative.ca\/International\/tunisie-le-nouveau-ministre-de-la-sante-choisit-la-politique-du-black-out-en-communication\/"},"modified":"2020-09-14T17:15:29","modified_gmt":"2020-09-14T21:15:29","slug":"tunisie-le-nouveau-ministre-de-la-sante-choisit-la-politique-du-black-out-en-communication","status":"publish","type":"post","link":"https:\/\/linitiative.ca\/International\/tunisie-le-nouveau-ministre-de-la-sante-choisit-la-politique-du-black-out-en-communication\/","title":{"rendered":"Tunisie \u2013 Le nouveau ministre de la sant\u00e9 choisit la politique du black out en communication"},"content":{"rendered":"<div class=\"post-cont-in left relative\">\n<div id=\"post-info-wrap\" class=\"left relative post-info-out\">\n<div class=\"post-info-img left relative\"><img loading=\"lazy\" decoding=\"async\" alt=\"\" src=\"https:\/\/secure.gravatar.com\/avatar\/96253f4a657b482a18e837c1252096c2?s=50&amp;d=mm&amp;r=g\" srcset=\"https:\/\/secure.gravatar.com\/avatar\/96253f4a657b482a18e837c1252096c2?s=100&amp;d=mm&amp;r=g 2x\" class=\"avatar avatar-50 photo\" height=\"50\" width=\"50\"\/><\/div>\n<div class=\"post-info-in post-info-right left relative\">\n<div class=\"post-info-name left relative\"><span class=\"post-info-text\">Par<\/span> <span class=\"author-name vcard fn author\"><a href=\"https:\/\/www.tunisienumerique.com\/author\/saber\/\" title=\"Articles par Saber .\" rel=\"author\">Saber .<\/a><\/span> <span class=\"post-date updated\"><time class=\"post-date updated\" datetime=\"2020-09-14\">\u00a0| Il y a 1 minute<\/time><\/span><\/div>\n<div class=\"left relative\"><button id=\"listenButton1\" class=\"responsivevoice-button\" type=\"button\" value=\"Play\" title=\"&#xC9;coutez l'article\"><span>\ud83d\udd0a \u00c9coutez l&rsquo;article<\/span><\/button> <\/div>\n<\/div>\n<\/div>\n<p>Le nouveau ministre de la sant\u00e9 n\u2019a pas l\u2019air de mesurer la profondeur de l\u2019\u00e9tat d\u2019anxi\u00e9t\u00e9 qui s\u2019attaque aux tunisiens en rapport avec le regain de puissance du covid en Tunisie, notamment en cette p\u00e9riode de rentr\u00e9e scolaire. Il aurait choisi de rester sourd aux appr\u00e9hensions des tunisiens\u2026 Il ne veut rien entendre des appels des centaines de parents qui sont en train de s\u2019organiser \u00e0 travers les r\u00e9seaux sociaux, pour inciter les gens \u00e0 ne pas emmener leurs enfants \u00e0 l\u2019\u00e9cole, de peur de les voir contamin\u00e9s par le covid. Il aura choisi de faire la sourde oreille et refus\u00e9 de communiquer en rapport avec la pand\u00e9mie qui affole tant les tunisiens.<\/p>\n<div class=\"code-block code-block-1 c4\"><ins class=\"adsbygoogle c3\" data-ad-layout=\"in-article\" data-ad-format=\"fluid\" data-ad-client=\"ca-pub-2102118777505746\" data-ad-slot=\"7301775417\"\/> <\/div>\n<p>Il semble avoir choisi la pire des mani\u00e8res de g\u00e9rer les tunisiens, \u00e0 savoir n\u2019en faire qu\u2019\u00e0 sa t\u00eate, et traiter le mal par la mani\u00e8re forte. Or les tunisiens ne sont plus pr\u00eats, et il devrait le savoir, \u00e0 se laisser embarquer dans des affaires aussi s\u00e9rieuses sans \u00eatre parfaitement inform\u00e9s, et dans les moindres d\u00e9tails.<\/p>\n<p>Et si <a href=\"https:\/\/www.tunisienumerique.com\/tunisie-actualite\/Nissaf-Ben-Alaya\/\" title=\"Nissaf Ben Alaya\" target=\"_top\" class=\"auto-link\" rel=\"noopener noreferrer\">Nissaf Ben Alaya<\/a> a trouv\u00e9 en la personne du ministre issu du m\u00eame d\u00e9partement de m\u00e9decine pr\u00e9ventive qu\u2019elle, le renfort qu\u2019elle attendait pour r\u00e9gler ses comptes avec les m\u00e9dias qui n\u2019ont pas \u00e9t\u00e9 tendres avec elle, lors de ses \u00e9carts dans la gestion de la crise, et pour d\u00e9cider de ne plus communiquer du moment qu\u2019elle a, justement, \u00e9t\u00e9 charg\u00e9e de la communications \u00e0 propos de cette \u00e9pid\u00e9mie, qu\u2019elle se d\u00e9trompe, car, quand le ministre verra et comprendra qu\u2019\u00e0 cause de ses choix communicationnels, son fauteuil sera mis en jeu, il n\u2019h\u00e9sitera pas \u00e0 oublier le fait qu\u2019elle soit une camarade de d\u00e9partement.<\/p>\n<p>Ces responsables en herbe semblent ignorer que cette politique du black out risque de leur co\u00fbter cher, et il ne s\u2019agira pas, apr\u00e8s, de pr\u00e9tendre avoir voulu bien faire, pour \u00e9viter aux tunisiens les d\u00e9tails qui affolent, car c\u2019est le manque d\u2019information et ce flou d\u00e9cid\u00e9 par le ministre et son \u00e9quipe qui sont en train d\u2019affoler le tunisien et de lui faire perdre toute confiance en la machine sanitaire du pays. Confiance qui est, soit dit au passage, largement entam\u00e9e depuis que les \u00e9checs ne font que se multiplier, et depuis que la situation \u00e9pid\u00e9miologique commence \u00e0 \u00e9chapper au contr\u00f4le de cette \u00e9quipe.<\/p>\n<p>Et pour preuve de cette politique du black out voulue, on peut constater l\u2019absence depuis deux jours des communiqu\u00e9s quotidiens sur la situation de l\u2019\u00e9pid\u00e9mie et le nombre des nouveaux cas, de m\u00eame que le silence d\u00e9cid\u00e9 par la directrice de la m\u00e9decine scolaire et universitaire, pour laisser les \u00e9l\u00e8ves et leurs parents en proie \u00e0 la panique totale.<\/p>\n<div class=\"swp_social_panel swp_horizontal_panel swp_flat_fresh swp_default_full_color swp_individual_full_color swp_other_full_color scale-100 scale-\" data-min-width=\"1100\" data-float-color=\"#ffffff\" data-float=\"bottom\" data-float-mobile=\"bottom\" data-transition=\"slide\">\n<div class=\"nc_tweetContainer swp_share_button total_shares total_sharesalt\"><span class=\"swp_count\">1 <span class=\"swp_label\">Partages<\/span><\/span><\/div>\n<\/div>\n<p><strong>Que se passe-t-il en Tunisie?<\/strong><br \/>Nous expliquons sur notre <a href=\"https:\/\/www.youtube.com\/channel\/UCRzypVq0B_yBad5eGrwBx0Q?sub_confirmation=1\" target=\"_blank\" rel=\"noopener noreferrer\">cha\u00eene YouTube<\/a> . <a href=\"https:\/\/www.youtube.com\/channel\/UCRzypVq0B_yBad5eGrwBx0Q?sub_confirmation=1\" target=\"_blank\" rel=\"noopener noreferrer\">Abonnez-vous!<\/a><\/p>\n<div class=\"mvp-org-wrap mvp-org-logo\" itemprop=\"publisher\"><img decoding=\"async\" src=\"https:\/\/www.tunisienumerique.com\/wp-content\/uploads\/2017\/02\/logo_tunisie_numerique.png\"\/><\/div>\n<div class=\"mvp-related-posts left relative\">\n<h4 class=\"post-header\"><span class=\"post-header\">Lire aussi<\/span><\/h4>\n<\/div>\n<div id=\"article-ad\"><ins class=\"adsbygoogle c5\" data-ad-client=\"ca-pub-2102118777505746\" data-ad-slot=\"6513972734\" data-ad-format=\"auto\" data-full-width-responsive=\"true\"\/> <\/div>\n<\/div>\n<div id=\"post-sidebar-wrap\"><ins class=\"adsbygoogle c5\" data-ad-client=\"ca-pub-2102118777505746\" data-ad-slot=\"6168283410\" data-ad-format=\"auto\" data-full-width-responsive=\"true\"\/> <\/div>\n<p>Auteur: Saber .<br \/>\n<a href=\"https:\/\/www.tunisienumerique.com\/tunisie-le-nouveau-ministre-de-la-sante-choisit-la-politique-du-black-out-en-communication\/\">Cliquez ici pour lire l&rsquo;article depuis sa source.<\/a><\/p>\n","protected":false},"excerpt":{"rendered":"<p>Par Saber . \u00a0| Il y a 1 minute \ud83d\udd0a \u00c9coutez l&rsquo;article Le nouveau ministre de la sant\u00e9 n\u2019a pas l\u2019air de mesurer la profondeur de l\u2019\u00e9tat d\u2019anxi\u00e9t\u00e9 qui s\u2019attaque aux tunisiens en rapport avec le regain de puissance du covid en Tunisie, notamment en cette p\u00e9riode de rentr\u00e9e scolaire. Il aurait choisi de rester [&hellip;]<\/p>\n","protected":false},"author":1789,"featured_media":0,"comment_status":"closed","ping_status":"closed","sticky":false,"template":"","format":"standard","meta":{"fifu_image_url":"","fifu_image_alt":"","footnotes":""},"categories":[73,55],"tags":[],"class_list":["post-98815","post","type-post","status-publish","format-standard","hentry","category-actualite","category-tunisie"],"_links":{"self":[{"href":"https:\/\/linitiative.ca\/International\/wp-json\/wp\/v2\/posts\/98815","targetHints":{"allow":["GET"]}}],"collection":[{"href":"https:\/\/linitiative.ca\/International\/wp-json\/wp\/v2\/posts"}],"about":[{"href":"https:\/\/linitiative.ca\/International\/wp-json\/wp\/v2\/types\/post"}],"author":[{"embeddable":true,"href":"https:\/\/linitiative.ca\/International\/wp-json\/wp\/v2\/users\/1789"}],"replies":[{"embeddable":true,"href":"https:\/\/linitiative.ca\/International\/wp-json\/wp\/v2\/comments?post=98815"}],"version-history":[{"count":0,"href":"https:\/\/linitiative.ca\/International\/wp-json\/wp\/v2\/posts\/98815\/revisions"}],"wp:attachment":[{"href":"https:\/\/linitiative.ca\/International\/wp-json\/wp\/v2\/media?parent=98815"}],"wp:term":[{"taxonomy":"category","embeddable":true,"href":"https:\/\/linitiative.ca\/International\/wp-json\/wp\/v2\/categories?post=98815"},{"taxonomy":"post_tag","embeddable":true,"href":"https:\/\/linitiative.ca\/International\/wp-json\/wp\/v2\/tags?post=98815"}],"curies":[{"name":"wp","href":"https:\/\/api.w.org\/{rel}","templated":true}]}}