{"id":98820,"date":"2020-09-14T16:32:08","date_gmt":"2020-09-14T20:32:08","guid":{"rendered":"https:\/\/linitiative.ca\/International\/sommet-de-la-cedeao-a-accra-sur-le-malia-quelle-sauce-la-junte-malienne-sera-t-elle-mangee\/"},"modified":"2020-09-14T16:32:08","modified_gmt":"2020-09-14T20:32:08","slug":"sommet-de-la-cedeao-a-accra-sur-le-malia-quelle-sauce-la-junte-malienne-sera-t-elle-mangee","status":"publish","type":"post","link":"https:\/\/linitiative.ca\/International\/sommet-de-la-cedeao-a-accra-sur-le-malia-quelle-sauce-la-junte-malienne-sera-t-elle-mangee\/","title":{"rendered":"SOMMET DE LA CEDEAO A ACCRA SUR LE MALI:A quelle sauce la junte malienne sera-t-elle mang\u00e9e ?"},"content":{"rendered":"<div class=\"stream-item stream-item-above-post-content\">\n<p><noscript><\/p>\n<p><a href=\"\/\/www3.smartadserver.com\/ac?jump=1&amp;nwid=2136&amp;siteid=240610&amp;pgname=rg&amp;fmtid=49046&amp;visit=m&amp;tmstp=[timestamp]&amp;out=nonrich\" target=\"_blank\" rel=\"noopener noreferrer\"><img decoding=\"async\" src=\"http:\/\/www3.smartadserver.com\/ac?out=nonrich&amp;nwid=2136&amp;siteid=240610&amp;pgname=rg&amp;fmtid=49046&amp;visit=m&amp;tmstp=[timestamp]\" border=\"0\" alt=\"\"\/><\/a><\/p>\n<p><\/noscript><\/div>\n<p class=\"c3\">C\u2019est aujourd\u2019hui, 15 septembre 2020, qu\u2019expire l\u2019ultimatum que la Communaut\u00e9 \u00e9conomique des Etats de l\u2019Afrique de l\u2019Ouest (CEDEAO) a donn\u00e9 \u00e0 la junte militaire malienne pour transmettre le pouvoir aux civils. Mais, une semaine apr\u00e8s le sommet de Niamey qui a vu l\u2019institution sous-r\u00e9gionale r\u00e9affirmer son discours de fermet\u00e9 \u00e0 l\u2019endroit des tombeurs du pr\u00e9sident Ibrahim Boubacar K\u00e9\u00efta (IBK), le pouvoir reste toujours r\u00e9solument entre les mains des hommes forts de Kati. La question est donc de savoir \u00e0 quelle sauce la junte malienne sera mang\u00e9e par les chefs d\u2019Etat de la CEDEAO qui se r\u00e9unissent aujourd\u2019hui, dans la capitale ghan\u00e9enne, pour discuter de la question.<\/p>\n<p class=\"c3\">Autrement dit, quel sera le sort des putschistes de Bamako qui, depuis leur prise du pouvoir le 18 ao\u00fbt dernier, ne semblent toujours pas aller dans le sens des exigences de la CEDEAO\u00a0?\u00a0 Vont-ils b\u00e9n\u00e9ficier d\u2019un sursis de la part de l\u2019institution sous-r\u00e9gionale ou vont-ils en subir la <em>fatwa<\/em> dans toute sa rigueur\u00a0? C\u2019est la grande question de ce sommet d\u2019Accra qui se tient sous la houlette du tout nouveau pr\u00e9sident en exercice de l\u2019institution sous-r\u00e9gionale, qui n\u2019est personne d\u2019autre que l\u2019h\u00f4te dudit sommet, le pr\u00e9sident\u00a0Nana Akuffo-Addo.<\/p>\n<p class=\"c3\"><strong>Que vont faire les chefs d\u2019Etat\u00a0ouest-africains ?<\/strong><\/p>\n<p class=\"c3\">Car, une semaine apr\u00e8s son injonction, les lignes ont quelque peu boug\u00e9 \u00e0 Bamako o\u00f9 les concertations nationales ont permis, en fin de semaine derni\u00e8re,\u00a0 de d\u00e9gager une charte cens\u00e9e tracer les sillons de la transition. Le hic est que la CEDEAO veut une transition exclusivement civile et la plus courte possible, d\u2019un an maximum, l\u00e0 o\u00f9 les concertations inter-maliennes n\u2019excluent pas la possibilit\u00e9 qu\u2019elle soit conduite par un militaire pour une p\u00e9riode de 18 mois. Que vont donc faire les chefs d\u2019Etat\u00a0ouest-africains ? Vont-ils d\u00e9cider d\u2019accompagner le Mali en donnant une chance aux consultations internes d\u2019aboutir \u00e0 la mise en place d\u2019une transition consensuelle ou bien vont-ils choisir de mettre purement et simplement \u00e0 ex\u00e9cution leurs menaces contre les putschistes qui ont jusque-l\u00e0 montr\u00e9 bien peu de signaux positifs quant \u00e0 leur volont\u00e9 initiale annonc\u00e9e de ne pas confisquer le pouvoir sur les rives du fleuve Djoliba ? On attend de voir.<\/p>\n<p class=\"c3\">Et surtout de savoir si la rencontre explicative avec la d\u00e9l\u00e9gation de la junte pr\u00e9sente \u00e0 ce sommet, permettra de se comprendre sur la question ou si cette rencontre va d\u00e9finitivement couper les ponts de la confiance entre les deux parties. D\u2019autant qu\u2019au sortir des concertations nationales, la junte militaire ne semble plus faire l\u2019unanimit\u00e9 de ses compatriotes, elle qui est m\u00eame soup\u00e7onn\u00e9e maintenant d\u2019avoir un agenda cach\u00e9 et ouvertement accus\u00e9e par le M5, d\u2019avoir \u00ab<em>\u00a0tripatouill\u00e9 les r\u00e9sultats de la rencontre en sa faveur\u00a0<\/em>\u00bb. Autant de facteurs au regard desquels l\u2019on ne serait pas \u00e9tonn\u00e9 de voir la CEDEAO maintenir la ligne dure contre Assimi Go\u00efta et ses camarades en leur indiquant la porte de sortie en des termes peu \u00e9quivoques.<\/p>\n<p class=\"c3\"><strong>Un nouvel ultimatum pourrait ressembler \u00e0 une seconde chance donn\u00e9e aux putschistes maliens<\/strong><\/p>\n<p class=\"c3\">Car, autant, peut-on dire, la CEDEAO aura \u00e9chou\u00e9 \u00e0 r\u00e9tablir IBK sur son tr\u00f4ne, autant, dans son combat pour le r\u00e9tablissement de l\u2019ordre constitutionnel au Mali, \u00a0elle semble vouloir faire preuve d\u2019intransigeance sur la question de la conduite de la transition par des civils. C\u2019est pourquoi un nouvel ultimatum pourrait ressembler \u00e0 une seconde chance donn\u00e9e aux putschistes maliens de faire la preuve de leur bonne foi, et surtout de terminer le travail des concertations nationales d\u00e9j\u00e0 entam\u00e9es, mais dans l\u2019esprit des exigences de la CEDEAO, c\u2019est-\u00e0-dire en se tenant eux-m\u00eames \u00e0 l\u2019\u00e9cart de la transition. C\u2019est dire si Accra pourrait marquer un tournant dans la crise\u00a0 post-IBK que traverse le Mali. Car, petit \u00e0 petit, l\u2019\u00e9tau pourrait se resserrer autour de la junte qui devra sortir le grand jeu non seulement pour b\u00e9n\u00e9ficier de la confiance de la CEDEAO, mais aussi de celle fondamentale des Maliens au sein desquels des voix discordantes comme celle du M5 voire de la CMA (Coordination des mouvements de l\u2019Azawad) qui n\u2019a pas pris part aux concertations nationales, commencent \u00e0 s\u2019\u00e9lever. Une situation qui dessert et fragilise au plus haut point la situation d\u2019Assimi Go\u00efta et ses camarades si ces derniers ne peuvent plus se pr\u00e9valoir du soutien et de la l\u00e9gitimit\u00e9 populaires face \u00e0 la CEDEAO. L\u2019heure des louvoiements semble tirer \u00e0 sa fin et tout porte \u00e0 croire que ce sera bient\u00f4t l\u2019heure de v\u00e9rit\u00e9 au Mali o\u00f9 la junte devra soit se soumettre, soit assumer pleinement son coup, \u00e0 visage d\u00e9couvert.<\/p>\n<p class=\"c3\">\u00a0<strong><em>\u00ab\u00a0Le Pays\u00a0\u00bb<\/em><\/strong><\/p>\n<p class=\"c3\"><strong>\u00a0<\/strong><\/p>\n<p class=\"c3\"><strong><em>\u00a0<\/em><\/strong><\/p>\n<p>Auteur: Le Pays<br \/>\n<a href=\"http:\/\/lepays.bf\/sommet-de-la-cedeao-a-accra-sur-le-malia-quelle-sauce-la-junte-malienne-sera-t-elle-mangee\/\">Cliquez ici pour lire l&rsquo;article depuis sa source.<\/a><\/p>\n","protected":false},"excerpt":{"rendered":"<p>C\u2019est aujourd\u2019hui, 15 septembre 2020, qu\u2019expire l\u2019ultimatum que la Communaut\u00e9 \u00e9conomique des Etats de l\u2019Afrique de l\u2019Ouest (CEDEAO) a donn\u00e9 \u00e0 la junte militaire malienne pour transmettre le pouvoir aux civils. Mais, une semaine apr\u00e8s le sommet de Niamey qui a vu l\u2019institution sous-r\u00e9gionale r\u00e9affirmer son discours de fermet\u00e9 \u00e0 l\u2019endroit des tombeurs du pr\u00e9sident [&hellip;]<\/p>\n","protected":false},"author":1813,"featured_media":0,"comment_status":"closed","ping_status":"closed","sticky":false,"template":"","format":"standard","meta":{"fifu_image_url":"","fifu_image_alt":"","footnotes":""},"categories":[73,81],"tags":[],"class_list":["post-98820","post","type-post","status-publish","format-standard","hentry","category-actualite","category-burkina-faso"],"_links":{"self":[{"href":"https:\/\/linitiative.ca\/International\/wp-json\/wp\/v2\/posts\/98820","targetHints":{"allow":["GET"]}}],"collection":[{"href":"https:\/\/linitiative.ca\/International\/wp-json\/wp\/v2\/posts"}],"about":[{"href":"https:\/\/linitiative.ca\/International\/wp-json\/wp\/v2\/types\/post"}],"author":[{"embeddable":true,"href":"https:\/\/linitiative.ca\/International\/wp-json\/wp\/v2\/users\/1813"}],"replies":[{"embeddable":true,"href":"https:\/\/linitiative.ca\/International\/wp-json\/wp\/v2\/comments?post=98820"}],"version-history":[{"count":0,"href":"https:\/\/linitiative.ca\/International\/wp-json\/wp\/v2\/posts\/98820\/revisions"}],"wp:attachment":[{"href":"https:\/\/linitiative.ca\/International\/wp-json\/wp\/v2\/media?parent=98820"}],"wp:term":[{"taxonomy":"category","embeddable":true,"href":"https:\/\/linitiative.ca\/International\/wp-json\/wp\/v2\/categories?post=98820"},{"taxonomy":"post_tag","embeddable":true,"href":"https:\/\/linitiative.ca\/International\/wp-json\/wp\/v2\/tags?post=98820"}],"curies":[{"name":"wp","href":"https:\/\/api.w.org\/{rel}","templated":true}]}}