{"id":98821,"date":"2020-09-14T16:56:50","date_gmt":"2020-09-14T20:56:50","guid":{"rendered":"https:\/\/linitiative.ca\/International\/fashion-alive-2020-23-stylistes-demontrent-leur-savoir-faire\/"},"modified":"2020-09-14T16:56:50","modified_gmt":"2020-09-14T20:56:50","slug":"fashion-alive-2020-23-stylistes-demontrent-leur-savoir-faire","status":"publish","type":"post","link":"https:\/\/linitiative.ca\/International\/fashion-alive-2020-23-stylistes-demontrent-leur-savoir-faire\/","title":{"rendered":"Fashion alive 2020 : 23 stylistes d\u00e9montrent leur savoir-faire"},"content":{"rendered":"<div class=\"td-post-featured-image\" readability=\"33\"><a href=\"https:\/\/www.sidwaya.info\/wp-content\/uploads\/2020\/09\/fashino.jpg\" data-caption=\"La plupart des collections &#xE9;taient faites &#xE0; base de tissus traditionnels tels que le Faso dan fani ou le K&#xF4;k&#xF4; dunda.\"><img loading=\"lazy\" decoding=\"async\" width=\"696\" height=\"394\" class=\"entry-thumb td-modal-image\" src=\"https:\/\/www.sidwaya.info\/wp-content\/uploads\/2020\/09\/fashino-696x394.jpg\" srcset=\"https:\/\/www.sidwaya.info\/wp-content\/uploads\/2020\/09\/fashino-696x394.jpg 696w, https:\/\/www.sidwaya.info\/wp-content\/uploads\/2020\/09\/fashino-300x170.jpg 300w, https:\/\/www.sidwaya.info\/wp-content\/uploads\/2020\/09\/fashino-768x435.jpg 768w, https:\/\/www.sidwaya.info\/wp-content\/uploads\/2020\/09\/fashino-741x420.jpg 741w, https:\/\/www.sidwaya.info\/wp-content\/uploads\/2020\/09\/fashino.jpg 771w\" sizes=\"auto, (max-width: 696px) 100vw, 696px\" alt=\"\" title=\"fashino\"\/><\/a>La plupart des collections \u00e9taient faites \u00e0 base de tissus traditionnels tels que le Faso dan fani ou le K\u00f4k\u00f4 dunda.<\/div>\n<p><strong>La premi\u00e8re \u00e9dition du d\u00e9fil\u00e9 de mode baptis\u00e9 \u00ab Fashion alive \u00bb a eu lieu le samedi 12 septembre 2020 sous la pr\u00e9sidence de l\u2019\u00e9pouse du chef de l\u2019Etat, Sika Kabor\u00e9. Au total 23 stylistes ont pr\u00e9sent\u00e9 leurs collections au public.<\/strong><\/p>\n<p>L\u2019h\u00f4tel La\u00efco de Ouaga 2000 \u00e9tait sous les projecteurs dans la soir\u00e9e du samedi 12 septembre 2020 \u00e0 l\u2019occasion de la toute premi\u00e8re \u00e9dition du d\u00e9fil\u00e9 de mode d\u00e9nomm\u00e9 \u00ab Fashion alive \u00bb. Soir\u00e9e riche en couleurs, elle est l\u2019initiative du styliste international burkinab\u00e8, Issa Sorogo plus connu sous le pseudonyme de Sorobis-USA. \u00ab Je suis bas\u00e9 aux Etats-Unis depuis une vingtaine d\u2019ann\u00e9es et l\u2019id\u00e9e m\u2019est venue d\u2019organiser un d\u00e9fil\u00e9 qui va r\u00e9unir la plupart des stylistes burkinab\u00e8.<\/p>\n<p>Je me suis donc lanc\u00e9 \u00e0 fond dans le projet et gr\u00e2ce au soutien de nombreuses personnalit\u00e9s telles que l\u2019\u00e9pouse du chef de l\u2019Etat, l\u2019initiative a vu le jour et nous en sommes ravis \u00bb, a-t-il indiqu\u00e9. Pour cette premi\u00e8re \u00e9dition, 23 stylistes ont montr\u00e9 leur savoir-faire au public qui n\u2019est pas rest\u00e9 indiff\u00e9rent au charme de leurs cr\u00e9ations. Des<br \/>\u00ab g\u00e9ants \u00bb de la mode dont Fran\u00e7ois 1er, S\u00e9bastien Baz\u00e9mo et Path\u00e9\u2019O ont \u00e9merveill\u00e9 les spectateurs par l\u2019originalit\u00e9 et la qualit\u00e9 de leurs collections. La styliste Julie mode a particuli\u00e8rement \u00e9t\u00e9 applaudie pour la beaut\u00e9 de ses tenues pour enfants. Ces retours positifs ont r\u00e9joui le promoteur.<\/p>\n<div class=\"td-a-rec td-a-rec-id-content_inline tdi_30_277 td_block_template_1\"><img loading=\"lazy\" decoding=\"async\" class=\"aligncenter size-full wp-image-21314\" src=\"https:\/\/www.sidwaya.info\/wp-content\/uploads\/2020\/04\/Bandeau-Covid-19-Sidwaya-1.jpg\" alt=\"\" width=\"790\" height=\"98\"\/><\/div>\n<p><img decoding=\"async\" loading=\"lazy\" class=\"size-medium wp-image-26664\" src=\"https:\/\/www.sidwaya.info\/wp-content\/uploads\/2020\/09\/fashion-300x277.jpg\" alt=\"\" width=\"300\" height=\"277\" srcset=\"https:\/\/www.sidwaya.info\/wp-content\/uploads\/2020\/09\/fashion-300x277.jpg 300w, https:\/\/www.sidwaya.info\/wp-content\/uploads\/2020\/09\/fashion-696x643.jpg 696w, https:\/\/www.sidwaya.info\/wp-content\/uploads\/2020\/09\/fashion-454x420.jpg 454w, https:\/\/www.sidwaya.info\/wp-content\/uploads\/2020\/09\/fashion.jpg 700w\" sizes=\"auto, (max-width: 300px) 100vw, 300px\"\/>Le promoteur de Fashion alive, Issa Sorogo: \u00ab Nous allons travailler afin d\u2019exporter le made in Burkina au-del\u00e0 des fronti\u00e8res africaines \u00bb.<\/p>\n<p>A l\u2019entendre, l\u2019objectif vis\u00e9 \u00e0 travers l\u2019organisation de ce d\u00e9fil\u00e9 a \u00e9t\u00e9 atteint. \u00ab Il s\u2019agissait de permettre aux cr\u00e9ateurs d\u2019avoir un forum pour exprimer leur talent. Et nous sommes heureux qu\u2019ils aient accept\u00e9 de nous accompagner \u00bb, a-t-il d\u00e9clar\u00e9. En outre, ce d\u00e9fil\u00e9 a prouv\u00e9, a-t-il relev\u00e9, qu\u2019il existe au pays des Hommes int\u00e8gres des cr\u00e9ations de qualit\u00e9 et exportables en Afrique et dans le monde entier. Il a, par ailleurs, expliqu\u00e9 que le nom<br \/>\u00ab Fashion alive \u00bb (litt\u00e9ralement, la mode est en vie en fran\u00e7ais) traduit la pers\u00e9v\u00e9rance et la d\u00e9termination des cr\u00e9ateurs en d\u00e9pit de la COVID-19.<\/p>\n<h3>Des stylistes talentueux<\/h3>\n<p>Pour le ministre de la Culture, des Arts et du Tourisme, Abdoul Karim Sango, ce d\u00e9fil\u00e9 montre que les stylistes burkinab\u00e8 ont su \u00eatre r\u00e9silients face \u00e0 la pand\u00e9mie de coronavirus. \u00ab C\u2019est la preuve que quelles que soient les difficult\u00e9s, il y a des personnes qui choisissent d\u2019agir et le gouvernement ne peut qu\u2019appr\u00e9cier de telles initiatives \u00bb, a-t-il d\u00e9clar\u00e9 avant de saluer le savoir-faire des stylistes qui ont expos\u00e9 leurs cr\u00e9ations.<\/p>\n<p><img decoding=\"async\" loading=\"lazy\" class=\"size-medium wp-image-26670\" src=\"https:\/\/www.sidwaya.info\/wp-content\/uploads\/2020\/09\/fashion3-300x288.jpg\" alt=\"\" width=\"300\" height=\"288\" srcset=\"https:\/\/www.sidwaya.info\/wp-content\/uploads\/2020\/09\/fashion3-300x288.jpg 300w, https:\/\/www.sidwaya.info\/wp-content\/uploads\/2020\/09\/fashion3-696x669.jpg 696w, https:\/\/www.sidwaya.info\/wp-content\/uploads\/2020\/09\/fashion3-437x420.jpg 437w, https:\/\/www.sidwaya.info\/wp-content\/uploads\/2020\/09\/fashion3.jpg 700w\" sizes=\"auto, (max-width: 300px) 100vw, 300px\"\/>Le promoteur de Fashion alive, Issa Sorogo: \u00ab Nous allons travailler afin d\u2019exporter le made in Burkina au-del\u00e0 des fronti\u00e8res africaines \u00bb.<\/p>\n<p>Selon lui, la gamme de stylistes qui a d\u00e9fil\u00e9 r\u00e9v\u00e8le \u201c\u00e0 souhait\u201d la pr\u00e9sence d\u2019artistes talentueux au Burkina Faso. \u201cNous sommes d\u00e9sormais convaincus qu\u2019en termes de stylisme, nous n\u2019avons plus rien \u00e0 prouver. Car, nous avons de la mati\u00e8re. Nous devons maintenant mieux nous organiser pour aller \u00e0 la conqu\u00eate de l\u2019international\u201d, a-t-il soutenu. C\u2019est aussi l\u2019avis de l\u2019\u00e9pouse du chef de l\u2019Etat, Sika Kabor\u00e9, marraine de l\u2019\u00e9v\u00e8nement qui a dit \u00eatre \u201c\u00e9poustoufl\u00e9e\u201d par la qualit\u00e9 des cr\u00e9ations.<\/p>\n<p>\u00ab Nos stylistes ont du talent et ce que nous avons vu ce soir le confirme. C\u2019est un honneur pour moi d\u2019avoir \u00e9t\u00e9 associ\u00e9e \u00e0 cette activit\u00e9 \u00bb, a-t-elle confi\u00e9. Le promoteur de Fashion alive, Sorobis-USA, a d\u00e9but\u00e9, dans la mode, comme mannequin. Il a d\u00e9fil\u00e9 pour la premi\u00e8re fois \u00e0 la Nuit du Faso dan fani \u00e0 Bobo-Dioulasso o\u00f9 le premier prix d\u2019une valeur de 3 500 F CFA lui a \u00e9t\u00e9 remis par le capitaine Thomas Sankara. \u00ab Il m\u2019a encourag\u00e9, \u00e0 l\u2019\u00e9poque, \u00e0 m\u2019investir dans la mode. J\u2019ai suivi son conseil et cela a donn\u00e9 le r\u00e9sultat que nous avons aujourd\u2019hui \u00bb, s\u2019est-il f\u00e9licit\u00e9.<\/p>\n<p class=\"c1\"><strong>Nad\u00e8ge YAMEOGO<\/strong><\/p>\n<div class=\"td-a-rec td-a-rec-id-content_bottom tdi_31_2f8 td_block_template_1\"><img loading=\"lazy\" decoding=\"async\" class=\"aligncenter size-full wp-image-22415\" src=\"https:\/\/www.sidwaya.info\/wp-content\/uploads\/2020\/05\/Bandeau-paiement-mobile-site.png\" alt=\"\" width=\"728\" height=\"90\"\/><\/div>\n<p>Auteur: JK. Sidwaya<br \/>\n<a href=\"https:\/\/www.sidwaya.info\/blog\/2020\/09\/14\/fashion-alive-2020-23-stylistes-demontrent-leur-savoir-faire\/\">Cliquez ici pour lire l&rsquo;article depuis sa source.<\/a><\/p>\n","protected":false},"excerpt":{"rendered":"<p>La plupart des collections \u00e9taient faites \u00e0 base de tissus traditionnels tels que le Faso dan fani ou le K\u00f4k\u00f4 dunda. La premi\u00e8re \u00e9dition du d\u00e9fil\u00e9 de mode baptis\u00e9 \u00ab Fashion alive \u00bb a eu lieu le samedi 12 septembre 2020 sous la pr\u00e9sidence de l\u2019\u00e9pouse du chef de l\u2019Etat, Sika Kabor\u00e9. Au total 23 [&hellip;]<\/p>\n","protected":false},"author":1816,"featured_media":98822,"comment_status":"closed","ping_status":"closed","sticky":false,"template":"","format":"standard","meta":{"fifu_image_url":"","fifu_image_alt":"","footnotes":""},"categories":[73,81],"tags":[],"class_list":["post-98821","post","type-post","status-publish","format-standard","has-post-thumbnail","hentry","category-actualite","category-burkina-faso"],"_links":{"self":[{"href":"https:\/\/linitiative.ca\/International\/wp-json\/wp\/v2\/posts\/98821","targetHints":{"allow":["GET"]}}],"collection":[{"href":"https:\/\/linitiative.ca\/International\/wp-json\/wp\/v2\/posts"}],"about":[{"href":"https:\/\/linitiative.ca\/International\/wp-json\/wp\/v2\/types\/post"}],"author":[{"embeddable":true,"href":"https:\/\/linitiative.ca\/International\/wp-json\/wp\/v2\/users\/1816"}],"replies":[{"embeddable":true,"href":"https:\/\/linitiative.ca\/International\/wp-json\/wp\/v2\/comments?post=98821"}],"version-history":[{"count":0,"href":"https:\/\/linitiative.ca\/International\/wp-json\/wp\/v2\/posts\/98821\/revisions"}],"wp:featuredmedia":[{"embeddable":true,"href":"https:\/\/linitiative.ca\/International\/wp-json\/"}],"wp:attachment":[{"href":"https:\/\/linitiative.ca\/International\/wp-json\/wp\/v2\/media?parent=98821"}],"wp:term":[{"taxonomy":"category","embeddable":true,"href":"https:\/\/linitiative.ca\/International\/wp-json\/wp\/v2\/categories?post=98821"},{"taxonomy":"post_tag","embeddable":true,"href":"https:\/\/linitiative.ca\/International\/wp-json\/wp\/v2\/tags?post=98821"}],"curies":[{"name":"wp","href":"https:\/\/api.w.org\/{rel}","templated":true}]}}