{"id":98823,"date":"2020-09-14T17:04:13","date_gmt":"2020-09-14T21:04:13","guid":{"rendered":"https:\/\/linitiative.ca\/International\/vente-de-fournitures-scolaires-traque-aux-pratiques-illicites\/"},"modified":"2020-09-14T17:04:13","modified_gmt":"2020-09-14T21:04:13","slug":"vente-de-fournitures-scolaires-traque-aux-pratiques-illicites","status":"publish","type":"post","link":"https:\/\/linitiative.ca\/International\/vente-de-fournitures-scolaires-traque-aux-pratiques-illicites\/","title":{"rendered":"Vente de fournitures scolaires : Traque aux pratiques illicites"},"content":{"rendered":"<div class=\"td-post-featured-image\" readability=\"35\"><a href=\"https:\/\/www.sidwaya.info\/wp-content\/uploads\/2020\/09\/traque.jpg\" data-caption=\"Le ministre en charge du commerce, Harouna Kabor&#xE9;, a indiqu&#xE9; que les op&#xE9;rations de contr&#xF4;le vont se poursuivre jusqu&#x2019;au 30 novembre prochain.\"><img loading=\"lazy\" decoding=\"async\" width=\"696\" height=\"522\" class=\"entry-thumb td-modal-image\" src=\"https:\/\/www.sidwaya.info\/wp-content\/uploads\/2020\/09\/traque-696x522.jpg\" srcset=\"https:\/\/www.sidwaya.info\/wp-content\/uploads\/2020\/09\/traque-696x522.jpg 696w, https:\/\/www.sidwaya.info\/wp-content\/uploads\/2020\/09\/traque-300x225.jpg 300w, https:\/\/www.sidwaya.info\/wp-content\/uploads\/2020\/09\/traque-768x576.jpg 768w, https:\/\/www.sidwaya.info\/wp-content\/uploads\/2020\/09\/traque-560x420.jpg 560w, https:\/\/www.sidwaya.info\/wp-content\/uploads\/2020\/09\/traque-80x60.jpg 80w, https:\/\/www.sidwaya.info\/wp-content\/uploads\/2020\/09\/traque-265x198.jpg 265w, https:\/\/www.sidwaya.info\/wp-content\/uploads\/2020\/09\/traque.jpg 787w\" sizes=\"auto, (max-width: 696px) 100vw, 696px\" alt=\"\" title=\"traque\"\/><\/a>Le ministre en charge du commerce, Harouna Kabor\u00e9, a indiqu\u00e9 que les op\u00e9rations de contr\u00f4le vont se poursuivre jusqu\u2019au 30 novembre prochain.<\/div>\n<p><strong>Le minist\u00e8re du Commerce, de l\u2019Industrie et de l\u2019Artisanat a effectu\u00e9, le lundi 14 septembre 2020, une op\u00e9ration de contr\u00f4le des prix des fournitures scolaires.<\/strong><\/p>\n<p>A deux semaines de la rentr\u00e9e scolaire 2020-2021, le minist\u00e8re du Commerce, de l\u2019Industrie et de l\u2019Artisanat accentue les contr\u00f4les sur les prix des fournitures scolaires. A cet effet, le d\u00e9partement a lanc\u00e9 une op\u00e9ration sp\u00e9ciale, hier lundi 14 septembre et, ce, jusqu\u2019au 30 novembre prochain afin d\u2019amener les commer\u00e7ants \u00e0 respecter les prix fix\u00e9s par le gouvernement. \u00ab Au regard des difficult\u00e9s \u00e9conomiques li\u00e9es aux effets n\u00e9fastes du coronavirus que conna\u00eet notre pays, le contr\u00f4le de cette ann\u00e9e s\u2019av\u00e8re plus que jamais n\u00e9cessaire pour une rentr\u00e9e scolaire et acad\u00e9mique apais\u00e9e \u00bb, a laiss\u00e9 entendre le ministre en charge du commerce, Harouna Kabor\u00e9.<\/p>\n<p>Sur le terrain, il a expliqu\u00e9 qu\u2019il va s\u2019agir pour les contr\u00f4leurs de v\u00e9rifier la r\u00e9glementation, pr\u00e9cis\u00e9ment le respect des prix, des marges, la proc\u00e9dure d\u2019importation, le respect de la facturation, la publicit\u00e9 des prix ainsi que les dispositions relatives \u00e0 la distribution. Le ministre Kabor\u00e9 a confi\u00e9 qu\u2019une centaine d\u2019agents a \u00e9t\u00e9 mobilis\u00e9 pour l\u2019op\u00e9ration. Dans la matin\u00e9e du lundi, l\u2019une des \u00e9quipes de contr\u00f4le a d\u00e9but\u00e9 sa tourn\u00e9e \u00e0 la Librairie pap\u00e8terie Alpha au quartier Zogona, en face de l\u2019universit\u00e9 Joseph-Ki-Zerbo. Comme dans toutes les boutiques visit\u00e9es, les agents se sont renseign\u00e9s sur les prix des articles, les quantit\u00e9s disponibles et l\u2019affichage ou l\u2019\u00e9tiquetage des prix.<\/p>\n<div class=\"td-a-rec td-a-rec-id-content_inline tdi_30_f7e td_block_template_1\"><img loading=\"lazy\" decoding=\"async\" class=\"aligncenter size-full wp-image-21314\" src=\"https:\/\/www.sidwaya.info\/wp-content\/uploads\/2020\/04\/Bandeau-Covid-19-Sidwaya-1.jpg\" alt=\"\" width=\"790\" height=\"98\"\/><\/div>\n<p>Dans cette boutique, la derni\u00e8re exigence est respect\u00e9e. Ce qui n\u2019est pas le cas \u00e0 la G\u00e9n\u00e9rale bureautique Burkina Faso, situ\u00e9e \u00e0 une dizaine de m\u00e8tres. L\u00e0-bas, les prix affich\u00e9s pour les livres scolaires ne correspondent pas aux prix de vente. Par exemple, pour un livre de lecture de la classe de CE2 vendu \u00e0 2000 F CFA, l\u2019affichage indique 5000 F CFA. Cette incoh\u00e9rence a amen\u00e9 les contr\u00f4leurs \u00e0 exiger un \u00e9tiquetage des prix r\u00e9els.<\/p>\n<p>Le propri\u00e9taire, Paul Ou\u00e9draogo, a une explication. \u00ab C\u2019est l\u2019ann\u00e9e pass\u00e9e que nous avons mis ces affiches et comme nous venons de disposer de nouveaux articles, nous n\u2019avons pas encore chang\u00e9. Mais \u00e7a sera fait \u00bb, a-t-il l\u00e2ch\u00e9, tout en saluant l\u2019op\u00e9ration. Cependant, il a confi\u00e9 ne pas \u00eatre inform\u00e9 des prix fix\u00e9s par le minist\u00e8re en charge du commerce. \u00ab Je sugg\u00e8re au minist\u00e8re de nous envoyer la r\u00e9glementation avant la rentr\u00e9e afin de nous faciliter la t\u00e2che \u00bb, a-t-il dit. Mais pour l\u2019inspecteur des prix, Mamadou Yam\u00e9ogo, cet argument ne saurait tenir, car ce sont les importateurs qui fournissent la r\u00e9glementation aux d\u00e9taillants.<\/p>\n<p>Apr\u00e8s le quartier Zogona, l\u2019\u00e9quipe de la Brigade mobile de contr\u00f4le s\u2019est d\u00e9port\u00e9e aux 1200 logements o\u00f9 elle a visit\u00e9 la G\u00e9n\u00e9rale bureautique 2000 et JIMEKS-B. Dans ces deux endroits, seuls quelques articles ne sont pas \u00e9tiquet\u00e9s. Pour ce qui est du respect des prix, l\u2019inspecteur Yam\u00e9ogo a laiss\u00e9 entendre que la conformit\u00e9 sera v\u00e9rifi\u00e9e apr\u00e8s la collecte des informations, notamment les factures et les r\u00e9gies de commerce. \u00ab La marge de b\u00e9n\u00e9fice de chaque produit ne doit pas d\u00e9passer 20% du prix d\u2019achat et c\u2019est l\u2019importateur qui doit indiquer les prix de vente aux d\u00e9taillants \u00bb, a-t-il clarifi\u00e9. Le ministre du Commerce a appel\u00e9 les commer\u00e7ants au respect des marges fix\u00e9es par la r\u00e9glementation en vigueur et \u00e0 se d\u00e9partir de toute pratique commerciale illicite.<\/p>\n<p class=\"c1\"><strong>Joseph HARO<\/strong><\/p>\n<div class=\"td-a-rec td-a-rec-id-content_bottom tdi_31_3ff td_block_template_1\"><img loading=\"lazy\" decoding=\"async\" class=\"aligncenter size-full wp-image-22415\" src=\"https:\/\/www.sidwaya.info\/wp-content\/uploads\/2020\/05\/Bandeau-paiement-mobile-site.png\" alt=\"\" width=\"728\" height=\"90\"\/><\/div>\n<p>Auteur: JK. Sidwaya<br \/>\n<a href=\"https:\/\/www.sidwaya.info\/blog\/2020\/09\/14\/vente-de-fournitures-scolaires-traque-aux-pratiques-illicites\/\">Cliquez ici pour lire l&rsquo;article depuis sa source.<\/a><\/p>\n","protected":false},"excerpt":{"rendered":"<p>Le ministre en charge du commerce, Harouna Kabor\u00e9, a indiqu\u00e9 que les op\u00e9rations de contr\u00f4le vont se poursuivre jusqu\u2019au 30 novembre prochain. Le minist\u00e8re du Commerce, de l\u2019Industrie et de l\u2019Artisanat a effectu\u00e9, le lundi 14 septembre 2020, une op\u00e9ration de contr\u00f4le des prix des fournitures scolaires. A deux semaines de la rentr\u00e9e scolaire 2020-2021, [&hellip;]<\/p>\n","protected":false},"author":1816,"featured_media":98824,"comment_status":"closed","ping_status":"closed","sticky":false,"template":"","format":"standard","meta":{"fifu_image_url":"","fifu_image_alt":"","footnotes":""},"categories":[73,81],"tags":[],"class_list":["post-98823","post","type-post","status-publish","format-standard","has-post-thumbnail","hentry","category-actualite","category-burkina-faso"],"_links":{"self":[{"href":"https:\/\/linitiative.ca\/International\/wp-json\/wp\/v2\/posts\/98823","targetHints":{"allow":["GET"]}}],"collection":[{"href":"https:\/\/linitiative.ca\/International\/wp-json\/wp\/v2\/posts"}],"about":[{"href":"https:\/\/linitiative.ca\/International\/wp-json\/wp\/v2\/types\/post"}],"author":[{"embeddable":true,"href":"https:\/\/linitiative.ca\/International\/wp-json\/wp\/v2\/users\/1816"}],"replies":[{"embeddable":true,"href":"https:\/\/linitiative.ca\/International\/wp-json\/wp\/v2\/comments?post=98823"}],"version-history":[{"count":0,"href":"https:\/\/linitiative.ca\/International\/wp-json\/wp\/v2\/posts\/98823\/revisions"}],"wp:featuredmedia":[{"embeddable":true,"href":"https:\/\/linitiative.ca\/International\/wp-json\/"}],"wp:attachment":[{"href":"https:\/\/linitiative.ca\/International\/wp-json\/wp\/v2\/media?parent=98823"}],"wp:term":[{"taxonomy":"category","embeddable":true,"href":"https:\/\/linitiative.ca\/International\/wp-json\/wp\/v2\/categories?post=98823"},{"taxonomy":"post_tag","embeddable":true,"href":"https:\/\/linitiative.ca\/International\/wp-json\/wp\/v2\/tags?post=98823"}],"curies":[{"name":"wp","href":"https:\/\/api.w.org\/{rel}","templated":true}]}}