{"id":98825,"date":"2020-09-14T17:12:20","date_gmt":"2020-09-14T21:12:20","guid":{"rendered":"https:\/\/linitiative.ca\/International\/groupe-parlementaire-renouveau-democratique-les-deputes-dressent-un-bilan-positif-de-la-7e-legislature\/"},"modified":"2020-09-14T17:12:20","modified_gmt":"2020-09-14T21:12:20","slug":"groupe-parlementaire-renouveau-democratique-les-deputes-dressent-un-bilan-positif-de-la-7e-legislature","status":"publish","type":"post","link":"https:\/\/linitiative.ca\/International\/groupe-parlementaire-renouveau-democratique-les-deputes-dressent-un-bilan-positif-de-la-7e-legislature\/","title":{"rendered":"Groupe parlementaire Renouveau d\u00e9mocratique : Les d\u00e9put\u00e9s dressent un bilan \u00ab positif \u00bb de la 7e l\u00e9gislature"},"content":{"rendered":"<div class=\"td-post-featured-image\" readability=\"34\"><a href=\"https:\/\/www.sidwaya.info\/wp-content\/uploads\/2020\/09\/renouveau.jpg\" data-caption=\"Le pr&#xE9;sident du groupe parlementaire RD, Ladji Coulibaly : &#xAB; Nous avons individuellement organis&#xE9; des sessions de redevabilit&#xE9; dans nos provinces d&#x2019;origine&#xBB;.\"><img loading=\"lazy\" decoding=\"async\" width=\"696\" height=\"464\" class=\"entry-thumb td-modal-image\" src=\"https:\/\/www.sidwaya.info\/wp-content\/uploads\/2020\/09\/renouveau-696x464.jpg\" srcset=\"https:\/\/www.sidwaya.info\/wp-content\/uploads\/2020\/09\/renouveau-696x464.jpg 696w, https:\/\/www.sidwaya.info\/wp-content\/uploads\/2020\/09\/renouveau-300x200.jpg 300w, https:\/\/www.sidwaya.info\/wp-content\/uploads\/2020\/09\/renouveau-768x512.jpg 768w, https:\/\/www.sidwaya.info\/wp-content\/uploads\/2020\/09\/renouveau-630x420.jpg 630w, https:\/\/www.sidwaya.info\/wp-content\/uploads\/2020\/09\/renouveau.jpg 787w\" sizes=\"auto, (max-width: 696px) 100vw, 696px\" alt=\"\" title=\"renouveau\"\/><\/a>Le pr\u00e9sident du groupe parlementaire RD, Ladji Coulibaly : \u00ab Nous avons individuellement organis\u00e9 des sessions de redevabilit\u00e9 dans nos provinces d\u2019origine\u00bb.<\/div>\n<p><strong>Le groupe parlementaire Renouveau d\u00e9mocratique (RD) a organis\u00e9 sa deuxi\u00e8me journ\u00e9e parlementaire de l\u2019ann\u00e9e, le lundi 14 septembre 2020 \u00e0 Ouagadougou, sous le th\u00e8me : \u00ab La contribution du groupe parlementaire RD \u00e0 la 7e l\u00e9gislature \u00bb.<\/strong><\/p>\n<p>Le bilan du groupe parlementaire Renouveau d\u00e9mocratique (RD) au cours de la 7e l\u00e9gislature est positif. C\u2019est ce qui ressort des deuxi\u00e8mes journ\u00e9es parlementaires, tenues, le lundi 14 septembre 2020 \u00e0 Ouagadougou, sous le th\u00e8me : \u00ab La contribution du groupe parlementaire RD \u00e0 la 7e l\u00e9gislature \u00bb. Apr\u00e8s les premi\u00e8res journ\u00e9es de l\u2019ann\u00e9e 2020 organis\u00e9es en f\u00e9vrier \u00e0 Banfora, le pr\u00e9sident du groupe parlementaire RD, Ladji Coulibaly, a indiqu\u00e9 que la pr\u00e9sente session qui marque la fin des journ\u00e9es parlementaires de la 7e l\u00e9gislature du groupe est une occasion pour rendre compte \u00e0 la base.<\/p>\n<p>D\u2019o\u00f9 l\u2019int\u00e9r\u00eat de convier leurs militants \u00e0 ce conclave. \u00ab Nous pensons avoir accompli individuellement et collectivement la mission confi\u00e9e par nos \u00e9lecteurs, \u00e0 savoir voter les lois, consentir l\u2019imp\u00f4t et contr\u00f4ler l\u2019action du gouvernement \u00bb, a-t-il d\u00e9clar\u00e9.<br \/>De son avis, les 13 d\u00e9put\u00e9s issus du groupe ont aussi rempli leurs missions de redevabilit\u00e9. Ils ont individuellement organis\u00e9 des sessions de redevabilit\u00e9 dans leurs provinces d\u2019origine \u00e0 travers des \u00e9missions radiophoniques, des assembl\u00e9es g\u00e9n\u00e9rales et d\u2019autres activit\u00e9s, a t\u00e9moign\u00e9 M. Coulibaly.<\/p>\n<div class=\"td-a-rec td-a-rec-id-content_inline tdi_30_5ff td_block_template_1\"><img loading=\"lazy\" decoding=\"async\" class=\"aligncenter size-full wp-image-21314\" src=\"https:\/\/www.sidwaya.info\/wp-content\/uploads\/2020\/04\/Bandeau-Covid-19-Sidwaya-1.jpg\" alt=\"\" width=\"790\" height=\"98\"\/><\/div>\n<p>Le d\u00e9put\u00e9 a, en outre, relev\u00e9 qu\u2019au cours de cette mandature, son groupe parlementaire a tenu des journ\u00e9es, dans les r\u00e9gions du Sud-Ouest, des Hauts-Bassins, de la Boucle du Mouhoun, des Cascades et du Centre. \u00ab Notre groupe d\u00e9tient la palme d\u2019or, car nous sommes le seul groupe \u00e0 avoir organis\u00e9 des journ\u00e9es parlementaires dans deux zones \u00e0 fort d\u00e9fi s\u00e9curitaire \u00bb, s\u2019est-il r\u00e9joui. Le parlementaire a, \u00e0 l\u2019occasion, saisi la perche pour saluer les efforts des Forces de d\u00e9fense de la s\u00e9curit\u00e9 dans la lutte contre le terrorisme. Solidarit\u00e9 oblige, certains groupes parlementaires \u00e9taient aux c\u00f4t\u00e9s du groupe parlementaire RD au cours de ces assisses. Il s\u2019agit notamment des groupes parlementaires, CDP, Burkinlim et du MPP.<\/p>\n<p>Le pr\u00e9sident de l\u2019Assembl\u00e9e nationale, Alassane Bala Sakand\u00e9, \u00e9tait aussi pr\u00e9sent. \u00ab J\u2019ai pris l\u2019engagement de participer avant la fin de la l\u00e9gislature \u00e0 toutes les journ\u00e9es parlementaires organis\u00e9es par les six groupes de l\u2019Assembl\u00e9e nationale \u00bb,<br \/>a-t-il indiqu\u00e9. A ce titre, a-t-il poursuivi, il a d\u00e9j\u00e0 pris part aux journ\u00e9es parlementaires du CDP, de l\u2019UPC et du groupe Burkinlim. Au regard de la contribution de l\u2019ensemble de ces groupes au bon fonctionnement de l\u2019institution, il \u00e9tait un devoir pour lui, de leur t\u00e9moigner son soutien, a-t-il expliqu\u00e9. Il a pr\u00e9cis\u00e9 qu\u2019ils ont travaill\u00e9 avec l\u2019ensemble des parlementaires pour un consensus. \u00ab Nous avons fait en sorte que l\u2019Assembl\u00e9e nationale soit une famille au-de-l\u00e0 de nos divergences politiques \u00bb, a-t-il soutenu.<\/p>\n<p class=\"c1\"><strong>Abdoulaye BALBONE<\/strong><\/p>\n<div class=\"td-a-rec td-a-rec-id-content_bottom tdi_31_ded td_block_template_1\"><img loading=\"lazy\" decoding=\"async\" class=\"aligncenter size-full wp-image-22415\" src=\"https:\/\/www.sidwaya.info\/wp-content\/uploads\/2020\/05\/Bandeau-paiement-mobile-site.png\" alt=\"\" width=\"728\" height=\"90\"\/><\/div>\n<p>Auteur: JK. Sidwaya<br \/>\n<a href=\"https:\/\/www.sidwaya.info\/blog\/2020\/09\/14\/groupe-parlementaire-renouveau-democratique-les-deputes-dressent-un-bilan-positif-de-la-7e-legislature\/\">Cliquez ici pour lire l&rsquo;article depuis sa source.<\/a><\/p>\n","protected":false},"excerpt":{"rendered":"<p>Le pr\u00e9sident du groupe parlementaire RD, Ladji Coulibaly : \u00ab Nous avons individuellement organis\u00e9 des sessions de redevabilit\u00e9 dans nos provinces d\u2019origine\u00bb. Le groupe parlementaire Renouveau d\u00e9mocratique (RD) a organis\u00e9 sa deuxi\u00e8me journ\u00e9e parlementaire de l\u2019ann\u00e9e, le lundi 14 septembre 2020 \u00e0 Ouagadougou, sous le th\u00e8me : \u00ab La contribution du groupe parlementaire RD \u00e0 [&hellip;]<\/p>\n","protected":false},"author":1816,"featured_media":98826,"comment_status":"closed","ping_status":"closed","sticky":false,"template":"","format":"standard","meta":{"fifu_image_url":"","fifu_image_alt":"","footnotes":""},"categories":[73,81],"tags":[],"class_list":["post-98825","post","type-post","status-publish","format-standard","has-post-thumbnail","hentry","category-actualite","category-burkina-faso"],"_links":{"self":[{"href":"https:\/\/linitiative.ca\/International\/wp-json\/wp\/v2\/posts\/98825","targetHints":{"allow":["GET"]}}],"collection":[{"href":"https:\/\/linitiative.ca\/International\/wp-json\/wp\/v2\/posts"}],"about":[{"href":"https:\/\/linitiative.ca\/International\/wp-json\/wp\/v2\/types\/post"}],"author":[{"embeddable":true,"href":"https:\/\/linitiative.ca\/International\/wp-json\/wp\/v2\/users\/1816"}],"replies":[{"embeddable":true,"href":"https:\/\/linitiative.ca\/International\/wp-json\/wp\/v2\/comments?post=98825"}],"version-history":[{"count":0,"href":"https:\/\/linitiative.ca\/International\/wp-json\/wp\/v2\/posts\/98825\/revisions"}],"wp:featuredmedia":[{"embeddable":true,"href":"https:\/\/linitiative.ca\/International\/wp-json\/"}],"wp:attachment":[{"href":"https:\/\/linitiative.ca\/International\/wp-json\/wp\/v2\/media?parent=98825"}],"wp:term":[{"taxonomy":"category","embeddable":true,"href":"https:\/\/linitiative.ca\/International\/wp-json\/wp\/v2\/categories?post=98825"},{"taxonomy":"post_tag","embeddable":true,"href":"https:\/\/linitiative.ca\/International\/wp-json\/wp\/v2\/tags?post=98825"}],"curies":[{"name":"wp","href":"https:\/\/api.w.org\/{rel}","templated":true}]}}