{"id":98827,"date":"2020-09-14T17:24:23","date_gmt":"2020-09-14T21:24:23","guid":{"rendered":"https:\/\/linitiative.ca\/International\/dialogue-etat-secteur-prive-les-acteurs-deblaient-le-terrain\/"},"modified":"2020-09-14T17:24:23","modified_gmt":"2020-09-14T21:24:23","slug":"dialogue-etat-secteur-prive-les-acteurs-deblaient-le-terrain","status":"publish","type":"post","link":"https:\/\/linitiative.ca\/International\/dialogue-etat-secteur-prive-les-acteurs-deblaient-le-terrain\/","title":{"rendered":"Dialogue Etat\/ secteur priv\u00e9: Les acteurs d\u00e9blaient le terrain"},"content":{"rendered":"<div class=\"td-post-featured-image\" readability=\"35\"><a href=\"https:\/\/www.sidwaya.info\/wp-content\/uploads\/2020\/09\/prive.jpg\" data-caption=\"Selon le pr&#xE9;sident de la d&#xE9;l&#xE9;gation consulaire des Hauts-Bassins, Lancin&#xE9; Diawara, tout est pr&#xEA;t pour la rencontre nationale Etat \/secteur priv&#xE9; 2020.\"><img loading=\"lazy\" decoding=\"async\" width=\"696\" height=\"471\" class=\"entry-thumb td-modal-image\" src=\"https:\/\/www.sidwaya.info\/wp-content\/uploads\/2020\/09\/prive-696x471.jpg\" srcset=\"https:\/\/www.sidwaya.info\/wp-content\/uploads\/2020\/09\/prive-696x471.jpg 696w, https:\/\/www.sidwaya.info\/wp-content\/uploads\/2020\/09\/prive-300x203.jpg 300w, https:\/\/www.sidwaya.info\/wp-content\/uploads\/2020\/09\/prive-768x520.jpg 768w, https:\/\/www.sidwaya.info\/wp-content\/uploads\/2020\/09\/prive-620x420.jpg 620w, https:\/\/www.sidwaya.info\/wp-content\/uploads\/2020\/09\/prive.jpg 783w\" sizes=\"auto, (max-width: 696px) 100vw, 696px\" alt=\"\" title=\"prive\"\/><\/a>Selon le pr\u00e9sident de la d\u00e9l\u00e9gation consulaire des Hauts-Bassins, Lancin\u00e9 Diawara, tout est pr\u00eat pour la rencontre nationale Etat \/secteur priv\u00e9 2020.<\/div>\n<p><strong>Le Premier ministre, Christophe Joseph Marie Dabir\u00e9, a pr\u00e9sid\u00e9 la premi\u00e8re session de l\u2019ann\u00e9e du comit\u00e9 de pilotage du cadre de concertation et de dialogue Etat\/ secteur priv\u00e9, le lundi 14 septembre 2020 \u00e0 Ouagadougou.<\/strong><\/p>\n<p>Les membres du comit\u00e9 de pilotage du Cadre de concertation et de dialogue Etat \/secteur priv\u00e9 (CODESP) ont adopt\u00e9 le rapport g\u00e9n\u00e9ral de la mise en \u0153uvre des recommandations de la rencontre nationale Etat\/secteur priv\u00e9 2019, au cours de leur premi\u00e8re session tenue hier lundi 14 septembre. Ils ont \u00e9galement discut\u00e9 des perspectives pour la prochaine rencontre qui aura lieu, les 21 et 22 septembre 2020 \u00e0 Bobo-Dioulasso.<\/p>\n<p>La rencontre, pr\u00e9sid\u00e9e par le Premier ministre, Christophe Joseph Marie Dabir\u00e9, a enregistr\u00e9 la participation de cinq autres ministres ainsi que celle des repr\u00e9sentants du secteur priv\u00e9, conduits par le vice-pr\u00e9sident, Doudou Doumbia et le pr\u00e9sident de la d\u00e9l\u00e9gation consulaire des Hauts-Bassins de la Chambre de commerce, Lancin\u00e9 Diawara.<\/p>\n<div class=\"td-a-rec td-a-rec-id-content_inline tdi_30_e21 td_block_template_1\"><img loading=\"lazy\" decoding=\"async\" class=\"aligncenter size-full wp-image-21314\" src=\"https:\/\/www.sidwaya.info\/wp-content\/uploads\/2020\/04\/Bandeau-Covid-19-Sidwaya-1.jpg\" alt=\"\" width=\"790\" height=\"98\"\/><\/div>\n<p>\u00ab La tenue de cette premi\u00e8re session du comit\u00e9 de pilotage constitue une \u00e9tape cruciale dans le processus de d\u00e9roulement des activit\u00e9s du CODESP 2020, au regard des orientations claires qui en r\u00e9sulteront relativement \u00e0 la mise en \u0153uvre diligente des recommandations et engagements et la conduite des diff\u00e9rentes activit\u00e9s \u00bb, a annonc\u00e9 le Premier ministre d\u00e8s l\u2019entame des travaux.<\/p>\n<p>A la fin de la s\u00e9ance de travail, le ministre du Commerce, de l\u2019Industrie, de l\u2019Artisanat, Harouna Kabor\u00e9, a confi\u00e9 que la rencontre a permis d\u2019adopter les diff\u00e9rents rapports, notamment le compte rendu de la session pass\u00e9e, le rapport g\u00e9n\u00e9ral de la mise en \u0153uvre des recommandations de la rencontre nationale Etat\/secteur priv\u00e9 2019. Pour lui, elle a aussi donn\u00e9 l\u2019occasion aux participants de discuter de la situation des entreprises, des projets d\u2019investissements publics et de l\u2019accompagnement de l\u2019Etat pour la relance de l\u2019\u00e9conomie, \u00e0 travers le Fonds de relance de l\u2019\u00e9conomie, mis en \u0153uvre en association avec les structures d\u2019appui au secteur priv\u00e9.<\/p>\n<p>\u00ab Nous avons, par famille de m\u00e9tiers, discut\u00e9 de l\u2019ensemble des probl\u00e8mes et tir\u00e9 les enseignements. On a pris de nouveaux engagements pour continuer \u00e0 mettre en \u0153uvre les recommandations et am\u00e9lior\u00e9 le dispositif \u00bb, a-t-il ajout\u00e9.<br \/>En r\u00e9ponse \u00e0 une des dol\u00e9ances du vice-pr\u00e9sident Doumbia, le ministre Kabor\u00e9 a annonc\u00e9 une \u00e9valuation du dispositif apr\u00e8s la tenue de la rencontre nationale des 21 et 22 septembre prochains \u00e0 Bobo-Dioulasso.<\/p>\n<p>Le pr\u00e9sident de la d\u00e9l\u00e9gation consulaire des Hauts-Bassins de la Chambre de commerce et d\u2019industrie du Burkina Faso, par ailleurs, pr\u00e9sident du conseil interprofessionnel des entreprises, a, pour sa part, soulign\u00e9 que la session du comit\u00e9 de pilotage a permis au secteur priv\u00e9 de savoir que le gouvernement est \u00e0 leur \u00e9coute. \u00ab Le Premier ministre a insist\u00e9 pour que les retards constat\u00e9s dans l\u2019op\u00e9rationnalisation du fonds de relance de l\u2019\u00e9conomie de 100 milliards F CFA apr\u00e8s la COVID-19 puissent \u00eatre rattrap\u00e9s dans les meilleurs d\u00e9lais \u00bb, a-t-il illustr\u00e9.<\/p>\n<p>Pour lui, la session permet \u00e9galement aux acteurs du secteur priv\u00e9 d\u2019aborder, avec espoir, la rencontre nationale Etat\/ secteur priv\u00e9, pr\u00e9vue la semaine prochaine. \u00ab Nous avons trouv\u00e9 un chef de gouvernement \u00e0 l\u2019\u00e9coute et pr\u00eat \u00e0 cr\u00e9er les cadres incitatifs pour l\u2019op\u00e9rationnalisation et la cr\u00e9ation des initiatives du secteur priv\u00e9 \u00bb,a-t-il argument\u00e9.<br \/>La premi\u00e8re session du comit\u00e9 de pilotage, selon le Premier ministre, initialement pr\u00e9vue au cours du 1er semestre de l\u2019ann\u00e9e, s\u2019est tenue en diff\u00e9r\u00e9 en raison de la pand\u00e9mie de la<br \/>COVID-19.<\/p>\n<p class=\"c1\"><strong>Nad\u00e8ge YE<\/strong><\/p>\n<div class=\"td-a-rec td-a-rec-id-content_bottom tdi_31_225 td_block_template_1\"><img loading=\"lazy\" decoding=\"async\" class=\"aligncenter size-full wp-image-22415\" src=\"https:\/\/www.sidwaya.info\/wp-content\/uploads\/2020\/05\/Bandeau-paiement-mobile-site.png\" alt=\"\" width=\"728\" height=\"90\"\/><\/div>\n<p>Auteur: JK. Sidwaya<br \/>\n<a href=\"https:\/\/www.sidwaya.info\/blog\/2020\/09\/14\/dialogue-etat-secteur-prive-les-acteurs-deblaient-le-terrain\/\">Cliquez ici pour lire l&rsquo;article depuis sa source.<\/a><\/p>\n","protected":false},"excerpt":{"rendered":"<p>Selon le pr\u00e9sident de la d\u00e9l\u00e9gation consulaire des Hauts-Bassins, Lancin\u00e9 Diawara, tout est pr\u00eat pour la rencontre nationale Etat \/secteur priv\u00e9 2020. Le Premier ministre, Christophe Joseph Marie Dabir\u00e9, a pr\u00e9sid\u00e9 la premi\u00e8re session de l\u2019ann\u00e9e du comit\u00e9 de pilotage du cadre de concertation et de dialogue Etat\/ secteur priv\u00e9, le lundi 14 septembre 2020 [&hellip;]<\/p>\n","protected":false},"author":1816,"featured_media":98828,"comment_status":"closed","ping_status":"closed","sticky":false,"template":"","format":"standard","meta":{"fifu_image_url":"","fifu_image_alt":"","footnotes":""},"categories":[73,81],"tags":[],"class_list":["post-98827","post","type-post","status-publish","format-standard","has-post-thumbnail","hentry","category-actualite","category-burkina-faso"],"_links":{"self":[{"href":"https:\/\/linitiative.ca\/International\/wp-json\/wp\/v2\/posts\/98827","targetHints":{"allow":["GET"]}}],"collection":[{"href":"https:\/\/linitiative.ca\/International\/wp-json\/wp\/v2\/posts"}],"about":[{"href":"https:\/\/linitiative.ca\/International\/wp-json\/wp\/v2\/types\/post"}],"author":[{"embeddable":true,"href":"https:\/\/linitiative.ca\/International\/wp-json\/wp\/v2\/users\/1816"}],"replies":[{"embeddable":true,"href":"https:\/\/linitiative.ca\/International\/wp-json\/wp\/v2\/comments?post=98827"}],"version-history":[{"count":0,"href":"https:\/\/linitiative.ca\/International\/wp-json\/wp\/v2\/posts\/98827\/revisions"}],"wp:featuredmedia":[{"embeddable":true,"href":"https:\/\/linitiative.ca\/International\/wp-json\/"}],"wp:attachment":[{"href":"https:\/\/linitiative.ca\/International\/wp-json\/wp\/v2\/media?parent=98827"}],"wp:term":[{"taxonomy":"category","embeddable":true,"href":"https:\/\/linitiative.ca\/International\/wp-json\/wp\/v2\/categories?post=98827"},{"taxonomy":"post_tag","embeddable":true,"href":"https:\/\/linitiative.ca\/International\/wp-json\/wp\/v2\/tags?post=98827"}],"curies":[{"name":"wp","href":"https:\/\/api.w.org\/{rel}","templated":true}]}}