{"id":98842,"date":"2020-09-15T09:00:44","date_gmt":"2020-09-15T13:00:44","guid":{"rendered":"https:\/\/linitiative.ca\/International\/accessibilite-pour-handicapes-un-programme-damelioration-pour-9-villes\/"},"modified":"2020-09-15T09:00:44","modified_gmt":"2020-09-15T13:00:44","slug":"accessibilite-pour-handicapes-un-programme-damelioration-pour-9-villes","status":"publish","type":"post","link":"https:\/\/linitiative.ca\/International\/accessibilite-pour-handicapes-un-programme-damelioration-pour-9-villes\/","title":{"rendered":"Accessibilit\u00e9 pour handicap\u00e9s : Un programme d\u2019am\u00e9lioration pour 9 villes"},"content":{"rendered":"<header readability=\"1.2470930232558\">\n<\/header>\n<div class=\"entry-content clearfix\" readability=\"65\"><img decoding=\"async\" class=\"post_layout_5_img\" src=\"http:\/\/aujourdhui.ma\/wp-content\/uploads\/2020\/01\/Recrutement-Emploi-travail-handicap.jpg\" alt=\"Accessibilit&#xE9; pour handicap&#xE9;s : Un programme d&#x2019;am&#xE9;lioration pour 9 villes\"\/><\/p>\n<p><strong>Elles sont neuf villes du Royaume \u00e0 \u00eatre concern\u00e9es par un programme d\u2019am\u00e9lioration des accessibilit\u00e9s, et qui porte dans sa premi\u00e8re \u00e9tape sur la r\u00e9alisation d\u2019une \u00e9tude d\u2019inventaire et de diagnostic des besoins en la mati\u00e8re.<\/strong><br \/><span id=\"more-355409\"\/><\/p>\n<p>Dans le cadre de l\u2019ex\u00e9cution du programme gouvernemental 2017-2021 et conscient que les accessibilit\u00e9s constituent le point de d\u00e9part de toute politique int\u00e9gr\u00e9e des personnes en situation de handicap, car elles contribuent \u00e0 renforcer leur ind\u00e9pendance, et \u00e0 supprimer les obstacles environnementaux, physiques, organisationnels et culturels qui entravent la jouissance de leurs droits et l\u2019acc\u00e8s aux diff\u00e9rents services et espaces ouverts au public, et aux moyens du transport et de communication, le minist\u00e8re de la solidarit\u00e9, du d\u00e9veloppement social, de l\u2019\u00e9galit\u00e9 et de la famille a d\u00e9fini et a ex\u00e9cut\u00e9, depuis 2018, un programme appel\u00e9 \u00abVilles accessibles\u00bb en partenariat avec plusieurs collectivit\u00e9s territoriales.<br \/>Ledit programme vise \u00e0 faciliter l\u2019acc\u00e8s des personnes en situation de handicap \u00e0 tous les services afin de leur garantir une v\u00e9ritable int\u00e9gration dans la soci\u00e9t\u00e9 et une pleine participation \u00e0 la vie publique et contribuer \u00e0 la prise en compte des accessibilit\u00e9s dans tous les programmes territoriaux et nationaux de d\u00e9veloppement. Ce dernier s\u2019assigne \u00e9galement pour objectif de rendre tous les espaces urbains des villes accessibles \u00e0 toutes les personnes en situation de handicap, en vue de leur permettre une pleine jouissance de leurs droits sans difficult\u00e9s et sans obstacles, et asseoir une exp\u00e9rience pilote r\u00e9aliste des accessibilit\u00e9s physiques au niveau des centres des villes, pour ensuite \u00eatre adopt\u00e9e comme mod\u00e8le \u00e0 g\u00e9n\u00e9raliser aux diff\u00e9rents secteurs des villes et sur les communes avoisinantes.<br \/>Ainsi, et en vue de remplir ces engagements vis-\u00e0-vis des collectivit\u00e9s territoriales adh\u00e9rentes au programme susmentionn\u00e9, ledit minist\u00e8re lance un appel d\u2019offres pour la r\u00e9alisation d\u2019une \u00e9tude d\u2019inventaire et de diagnostic des besoins en am\u00e9nagement urbain pour l\u2019am\u00e9lioration des accessibilit\u00e9s de neuf villes : Dakhla, La\u00e2youne, Guelmim, Ouarzazate, Safi, Berkane, Ouazzane, Souk Arbia Gharb.<br \/>Il s\u2019agit de dresser un constat de l\u2019\u00e9tat des lieux d\u2019accessibilit\u00e9 des espaces ouverts au public, des \u00e9tablissements publics et des voiries dans le centre des villes vises et rep\u00e9rer les bonnes pratiques en mati\u00e8re d\u2019accessibilit\u00e9, les valoriser et identifier les \u00e9ventuelles difficult\u00e9s de mise en \u0153uvre, tout en proposant des solutions pour la mise en place des accessibilit\u00e9s pr\u00e9sentant les actions et leurs modalit\u00e9s de mise en \u0153uvre en vue de permettre aux personnes en situation de handicap l\u2019utilisation et la fr\u00e9quentation des diff\u00e9rents services et espaces publics et transports sans d\u00e9pendance et sans g\u00eane avec des \u00e9ch\u00e9ances et des co\u00fbts.<\/p>\n<\/div>\n<p>Auteur: Mohamed Laabid<br \/>\n<a href=\"https:\/\/aujourdhui.ma\/societe\/accessibilite-pour-handicapes-un-programme-damelioration-pour-9-villes\">Cliquez ici pour lire l&rsquo;article depuis sa source.<\/a><\/p>\n","protected":false},"excerpt":{"rendered":"<p>Elles sont neuf villes du Royaume \u00e0 \u00eatre concern\u00e9es par un programme d\u2019am\u00e9lioration des accessibilit\u00e9s, et qui porte dans sa premi\u00e8re \u00e9tape sur la r\u00e9alisation d\u2019une \u00e9tude d\u2019inventaire et de diagnostic des besoins en la mati\u00e8re. Dans le cadre de l\u2019ex\u00e9cution du programme gouvernemental 2017-2021 et conscient que les accessibilit\u00e9s constituent le point de d\u00e9part [&hellip;]<\/p>\n","protected":false},"author":1759,"featured_media":98843,"comment_status":"closed","ping_status":"closed","sticky":false,"template":"","format":"standard","meta":{"fifu_image_url":"","fifu_image_alt":"","footnotes":""},"categories":[73,54],"tags":[],"class_list":["post-98842","post","type-post","status-publish","format-standard","has-post-thumbnail","hentry","category-actualite","category-maroc"],"_links":{"self":[{"href":"https:\/\/linitiative.ca\/International\/wp-json\/wp\/v2\/posts\/98842","targetHints":{"allow":["GET"]}}],"collection":[{"href":"https:\/\/linitiative.ca\/International\/wp-json\/wp\/v2\/posts"}],"about":[{"href":"https:\/\/linitiative.ca\/International\/wp-json\/wp\/v2\/types\/post"}],"author":[{"embeddable":true,"href":"https:\/\/linitiative.ca\/International\/wp-json\/wp\/v2\/users\/1759"}],"replies":[{"embeddable":true,"href":"https:\/\/linitiative.ca\/International\/wp-json\/wp\/v2\/comments?post=98842"}],"version-history":[{"count":0,"href":"https:\/\/linitiative.ca\/International\/wp-json\/wp\/v2\/posts\/98842\/revisions"}],"wp:featuredmedia":[{"embeddable":true,"href":"https:\/\/linitiative.ca\/International\/wp-json\/"}],"wp:attachment":[{"href":"https:\/\/linitiative.ca\/International\/wp-json\/wp\/v2\/media?parent=98842"}],"wp:term":[{"taxonomy":"category","embeddable":true,"href":"https:\/\/linitiative.ca\/International\/wp-json\/wp\/v2\/categories?post=98842"},{"taxonomy":"post_tag","embeddable":true,"href":"https:\/\/linitiative.ca\/International\/wp-json\/wp\/v2\/tags?post=98842"}],"curies":[{"name":"wp","href":"https:\/\/api.w.org\/{rel}","templated":true}]}}