{"id":98846,"date":"2020-09-15T09:23:46","date_gmt":"2020-09-15T13:23:46","guid":{"rendered":"https:\/\/linitiative.ca\/International\/littihad-de-tanger-rend-hommage-au-petit-adnane\/"},"modified":"2020-09-15T09:23:46","modified_gmt":"2020-09-15T13:23:46","slug":"littihad-de-tanger-rend-hommage-au-petit-adnane","status":"publish","type":"post","link":"https:\/\/linitiative.ca\/International\/littihad-de-tanger-rend-hommage-au-petit-adnane\/","title":{"rendered":"L\u2019Ittihad de Tanger rend hommage  au petit Adnane"},"content":{"rendered":"<p><img decoding=\"async\" class=\"post_layout_5_img\" src=\"http:\/\/aujourdhui.ma\/wp-content\/uploads\/2020\/09\/IRT-Hommage-petit-Adnane.jpg\" alt=\"L&#x2019;Ittihad de Tanger rend hommage au petit Adnane\"\/><\/p>\n<p><span class=\"c5\"><strong>Les photos des joueurs avec leurs maillots \u00e0 l\u2019effigie du d\u00e9funt post\u00e9es sur la page Facebook de l\u2019IRT impressionnent les supporters<\/strong><\/span><span id=\"more-355434\"\/><\/p>\n<p>Les joueurs du club tang\u00e9rois rejoignent l\u2019\u00e9lan de compassion et de mobilisation que conna\u00eet le Maroc apr\u00e8s le viol et l\u2019assassinat du petit Adnane Bouchouf, dont le corps avait \u00e9t\u00e9 retrouv\u00e9 enterr\u00e9 apr\u00e8s quatre jours de sa disparition, aux alentours de son domicile \u00e0 Tanger.<br \/>A cet effet, ils ont tenu, au lendemain de cette d\u00e9couverte macabre, \u00e0 porter des maillots \u00e0 l\u2019effigie du petit enfant de 11 ans, avant l\u2019ouverture du match opposant l\u2019TRT \u00e0 la Renaissance de Berkane, au stade Ibn Battuta.<\/p>\n<p>Les deux \u00e9quipes se sont quitt\u00e9es sur un nul (1-1), en ce match retard comptant pour la 21\u00e8me journ\u00e9e de Botola Pro D1 de football. Les joueurs de l\u2019Ittihad de Tanger ont voulu \u00e0 travers cette belle initiative rendre hommage au d\u00e9funt et exprimer leur soutien \u00e0 sa famille, qui vient de recevoir un message de SM le Roi Mohammed VI, dans lequel le Souverain exprime Sa compassion et Ses condol\u00e9ances. Post\u00e9es sur la page Facebook de l\u2019IRT, les photos des membres de l\u2019\u00e9quipe tang\u00e9roise avec leurs maillots \u00e0 l\u2019effigie du petit Adnane ont \u00e9mu et impressionn\u00e9 un grand nombre de leurs supporters et de simples internautes qui ont appel\u00e9 pour leur plupart les autres clubs sportifs et les artistes \u00e0 prendre cette initiative en exemple.<\/p>\n<p>En plus des joueurs de l\u2019Ittihad, plusieurs acteurs associatifs, politiques ainsi que des militants des droits de l\u2019Homme ont eu recours \u00e0 la plateforme virtuelle pour exprimer \u00e0 travers leurs comptes sur les r\u00e9seaux sociaux leur indignation par rapport \u00e0 ce crime abject, mais sans oublier de rendre hommage et d\u2019exprimer leur soutien \u00e0 ses parents.<\/p>\n<p>Notons qu\u2019apr\u00e8s l\u2019enqu\u00eate pr\u00e9liminaire et la fin du d\u00e9lai de la garde \u00e0 vue dans l\u2019affaire du petit Adnane, le suspect principal a comparu, lundi 14 septembre, devant le procureur g\u00e9n\u00e9ral du Roi pr\u00e8s la Cour d\u2019Appel. Le mis en cause est poursuivi en \u00e9tat d\u2019arrestation pour crime d\u2019homicide volontaire sur un mineur avec attentat \u00e0 la pudeur. Le procureur g\u00e9n\u00e9ral du Roi a d\u00e9f\u00e9r\u00e9 les trois colocataires du suspect principal dans cette affaire devant la premi\u00e8re chambre d\u2019instruction de la Cour d\u2019appel pour le besoin et le compl\u00e9ment d\u2019enqu\u00eate en cours. Ils sont tous les trois poursuivis (\u00e9galement en \u00e9tat d\u2019arrestation) pour ne pas avoir d\u00e9nonc\u00e9 leur ami et colocataire \u00e0 la police. Alors que le principal suspect dans cette affaire est apparu dans une vid\u00e9o dont les s\u00e9quences avaient \u00e9t\u00e9 largement diffus\u00e9es dans le cadre des proc\u00e9dures des recherches d\u2019investigation polici\u00e8res.<\/p>\n<p>Auteur: Najat Fa\u00efssal<br \/>\n<a href=\"https:\/\/aujourdhui.ma\/sports\/littihad-de-tanger-rend-hommage-au-petit-adnane\">Cliquez ici pour lire l&rsquo;article depuis sa source.<\/a><\/p>\n","protected":false},"excerpt":{"rendered":"<p>Les photos des joueurs avec leurs maillots \u00e0 l\u2019effigie du d\u00e9funt post\u00e9es sur la page Facebook de l\u2019IRT impressionnent les supporters Les joueurs du club tang\u00e9rois rejoignent l\u2019\u00e9lan de compassion et de mobilisation que conna\u00eet le Maroc apr\u00e8s le viol et l\u2019assassinat du petit Adnane Bouchouf, dont le corps avait \u00e9t\u00e9 retrouv\u00e9 enterr\u00e9 apr\u00e8s quatre [&hellip;]<\/p>\n","protected":false},"author":1759,"featured_media":98847,"comment_status":"closed","ping_status":"closed","sticky":false,"template":"","format":"standard","meta":{"fifu_image_url":"","fifu_image_alt":"","footnotes":""},"categories":[73,54],"tags":[],"class_list":["post-98846","post","type-post","status-publish","format-standard","has-post-thumbnail","hentry","category-actualite","category-maroc"],"_links":{"self":[{"href":"https:\/\/linitiative.ca\/International\/wp-json\/wp\/v2\/posts\/98846","targetHints":{"allow":["GET"]}}],"collection":[{"href":"https:\/\/linitiative.ca\/International\/wp-json\/wp\/v2\/posts"}],"about":[{"href":"https:\/\/linitiative.ca\/International\/wp-json\/wp\/v2\/types\/post"}],"author":[{"embeddable":true,"href":"https:\/\/linitiative.ca\/International\/wp-json\/wp\/v2\/users\/1759"}],"replies":[{"embeddable":true,"href":"https:\/\/linitiative.ca\/International\/wp-json\/wp\/v2\/comments?post=98846"}],"version-history":[{"count":0,"href":"https:\/\/linitiative.ca\/International\/wp-json\/wp\/v2\/posts\/98846\/revisions"}],"wp:featuredmedia":[{"embeddable":true,"href":"https:\/\/linitiative.ca\/International\/wp-json\/"}],"wp:attachment":[{"href":"https:\/\/linitiative.ca\/International\/wp-json\/wp\/v2\/media?parent=98846"}],"wp:term":[{"taxonomy":"category","embeddable":true,"href":"https:\/\/linitiative.ca\/International\/wp-json\/wp\/v2\/categories?post=98846"},{"taxonomy":"post_tag","embeddable":true,"href":"https:\/\/linitiative.ca\/International\/wp-json\/wp\/v2\/tags?post=98846"}],"curies":[{"name":"wp","href":"https:\/\/api.w.org\/{rel}","templated":true}]}}