{"id":98852,"date":"2020-09-15T09:56:55","date_gmt":"2020-09-15T13:56:55","guid":{"rendered":"https:\/\/linitiative.ca\/International\/le-ganp-et-lamslp-saluent-la-direction-nationale-unifiee-de-la-resistance-populaire-palestinienne\/"},"modified":"2020-09-15T09:56:55","modified_gmt":"2020-09-15T13:56:55","slug":"le-ganp-et-lamslp-saluent-la-direction-nationale-unifiee-de-la-resistance-populaire-palestinienne","status":"publish","type":"post","link":"https:\/\/linitiative.ca\/International\/le-ganp-et-lamslp-saluent-la-direction-nationale-unifiee-de-la-resistance-populaire-palestinienne\/","title":{"rendered":"Le GANP et l\u2019AMSLP saluent la Direction nationale unifi\u00e9e de la R\u00e9sistance populaire palestinienne"},"content":{"rendered":"<p class=\"has-text-color has-vivid-red-color c2\"><strong>A la suite du communiqu\u00e9 N\u00b01\u00a0qualifi\u00e9 de \u00abManifeste de l\u2019ind\u00e9pendance\u00bb<\/strong><\/p>\n<p class=\"has-text-color c3\"><strong>Les organisations marocaines de soutien \u00e0 la lutte du peuple palestinien, repr\u00e9sentant toutes les forces vives du pays, ont favorablement accueilli \u00able communiqu\u00e9 N\u00b01 de la Direction nationale unifi\u00e9e de la R\u00e9sistance populaire\u00bb, compos\u00e9e des repr\u00e9sentants de toutes les composantes et les factions du peuple palestinien, qui ont opt\u00e9 \u00ab\u00e0 l\u2019unanimit\u00e9\u00bb pour la r\u00e9sistance sous une direction unifi\u00e9e.<\/strong><\/p>\n<p>Dans un communiqu\u00e9 conjoint, rendu public lundi 14 septembre \u00e0 l\u2019issue de la r\u00e9union des deux organisations, le coordinateur du Groupe d\u2019action nationale pour la Palestine (GANP), Abdelkader Alami, et le pr\u00e9sident de l\u2019Association marocaine de soutien de la lutte palestinienne, Mohamed Benjelloun Andaloussi, d\u00e9noncent les trahisons de la cause palestinienne, \u00e0 travers la normalisation de quelques pays arabes de leurs relations avec l\u2019entit\u00e9 sioniste dans le cadre de la soi-disant \u00ab\u00a0transaction du si\u00e8cle\u00a0\u00bb et des tentatives de liquidation de la cause palestinienne et de l\u2019enterrement des droits du peuple palestinien \u00e0 la libert\u00e9, l\u2019ind\u00e9pendance et la cr\u00e9ation de son Etat ind\u00e9pendant avec Al Qods comme capitale.<\/p>\n<p>Tout en saluant hautement l\u2019ensemble des forces politiques palestiniennes pour ce \u00ab\u00a0pas historique de lutte\u00a0\u00bb que mat\u00e9rialise ce \u00abcommuniqu\u00e9 N\u00b01\u00bb, les deux organisations le qualifient comme \u00e9tant \u00able manifeste de l\u2019ind\u00e9pendance\u00bb \u00e0 travers la r\u00e9sistance populaire \u00e0 long terme, lequel manifeste est venu brouiller toutes les cartes et les tentatives de liquidation de la cause palestinienne suivant l\u2019agenda de \u00ab\u00a0la transaction du si\u00e8cle\u00a0\u00bb. Mieux encore, il a transform\u00e9 les trahisons et les normalisations en une opportunit\u00e9 historique de reprise de l\u2019initiative et de la place de la cause palestinienne.<\/p>\n<p>Apr\u00e8s examen de la situation, les deux organisations r\u00e9affirment l\u2019adh\u00e9sion du peuple marocain aux engagements annonc\u00e9s dans ce communiqu\u00e9 N\u00b01 et \u00e0 la feuille de route qu\u2019il pr\u00e9voit, qui constitue un pas historique sur la voie du r\u00e9ajustement du processus de l\u2019accord d\u2019Oslo et des autres accords qui ont port\u00e9 tord \u00e0 la cause palestinienne et ouvert la voie \u00e0 la normalisation et \u00e0 l\u2019infiltration sioniste dans la r\u00e9gion et le monde.<\/p>\n<p>Les deux organisations condamnent fermement de nouveau toutes les d\u00e9marches de normalisation et de \u00a0trahison entreprises par les dirigeants \u00e9miratis et bahreinis, qui imposent \u00e0 leurs peuples des r\u00e9gimes d\u00e9nu\u00e9s de toute l\u00e9gitimit\u00e9.<\/p>\n<p>Elles ont de nouveau appel\u00e9 \u00e0 la mise en \u0153uvre au niveau national du projet de loi incriminant la normalisation, comme le r\u00e9clame constamment \u00a0le peuple marocain dans ses marches pour la Palestine.<\/p>\n<p>Auteur: M&rsquo;hammed rahal<br \/>\n<a href=\"http:\/\/albayane.press.ma\/le-ganp-et-lamslp-saluent-la-direction-nationale-unifiee-de-la-resistance-populaire-palestinienne.html\">Cliquez ici pour lire l&rsquo;article depuis sa source.<\/a><\/p>\n","protected":false},"excerpt":{"rendered":"<p>A la suite du communiqu\u00e9 N\u00b01\u00a0qualifi\u00e9 de \u00abManifeste de l\u2019ind\u00e9pendance\u00bb Les organisations marocaines de soutien \u00e0 la lutte du peuple palestinien, repr\u00e9sentant toutes les forces vives du pays, ont favorablement accueilli \u00able communiqu\u00e9 N\u00b01 de la Direction nationale unifi\u00e9e de la R\u00e9sistance populaire\u00bb, compos\u00e9e des repr\u00e9sentants de toutes les composantes et les factions du peuple [&hellip;]<\/p>\n","protected":false},"author":1760,"featured_media":0,"comment_status":"closed","ping_status":"closed","sticky":false,"template":"","format":"standard","meta":{"fifu_image_url":"","fifu_image_alt":"","footnotes":""},"categories":[73,54],"tags":[],"class_list":["post-98852","post","type-post","status-publish","format-standard","hentry","category-actualite","category-maroc"],"_links":{"self":[{"href":"https:\/\/linitiative.ca\/International\/wp-json\/wp\/v2\/posts\/98852","targetHints":{"allow":["GET"]}}],"collection":[{"href":"https:\/\/linitiative.ca\/International\/wp-json\/wp\/v2\/posts"}],"about":[{"href":"https:\/\/linitiative.ca\/International\/wp-json\/wp\/v2\/types\/post"}],"author":[{"embeddable":true,"href":"https:\/\/linitiative.ca\/International\/wp-json\/wp\/v2\/users\/1760"}],"replies":[{"embeddable":true,"href":"https:\/\/linitiative.ca\/International\/wp-json\/wp\/v2\/comments?post=98852"}],"version-history":[{"count":0,"href":"https:\/\/linitiative.ca\/International\/wp-json\/wp\/v2\/posts\/98852\/revisions"}],"wp:attachment":[{"href":"https:\/\/linitiative.ca\/International\/wp-json\/wp\/v2\/media?parent=98852"}],"wp:term":[{"taxonomy":"category","embeddable":true,"href":"https:\/\/linitiative.ca\/International\/wp-json\/wp\/v2\/categories?post=98852"},{"taxonomy":"post_tag","embeddable":true,"href":"https:\/\/linitiative.ca\/International\/wp-json\/wp\/v2\/tags?post=98852"}],"curies":[{"name":"wp","href":"https:\/\/api.w.org\/{rel}","templated":true}]}}