{"id":98854,"date":"2020-09-15T10:09:08","date_gmt":"2020-09-15T14:09:08","guid":{"rendered":"https:\/\/linitiative.ca\/International\/le-sg-du-pps-recoit-lambassadeur-du-royaume-de-belgique-au-maroc\/"},"modified":"2020-09-15T10:09:08","modified_gmt":"2020-09-15T14:09:08","slug":"le-sg-du-pps-recoit-lambassadeur-du-royaume-de-belgique-au-maroc","status":"publish","type":"post","link":"https:\/\/linitiative.ca\/International\/le-sg-du-pps-recoit-lambassadeur-du-royaume-de-belgique-au-maroc\/","title":{"rendered":"Le SG du PPS re\u00e7oit l\u2019ambassadeur du Royaume de Belgique au Maroc"},"content":{"rendered":"<p class=\"has-text-color has-vivid-red-color c2\"><strong>Au si\u00e8ge national du parti \u00e0 Rabat<\/strong><\/p>\n<p class=\"has-text-color c3\"><strong>Mohamed Nabil Benabdallah, secr\u00e9taire g\u00e9n\u00e9ral du Parti du Progr\u00e8s et Socialisme, a re\u00e7u hier, mardi 15 septembre au si\u00e8ge du parti \u00e0 Hay Riyad \u00e0 Rabat, son Excellence l\u2019ambassadeur du Royaume de Belgique \u00e0 Rabat, M. Marc Trenteseau.<\/strong><\/p>\n<p class=\"has-text-color c4\"><strong>La rencontre a \u00e9t\u00e9 l\u2019occasion d\u2019un \u00e9change fructueux entre les deux parties sur la situation au Maroc et en Belgique \u00e0 l\u2019ombre particuli\u00e8rement des effets de la pand\u00e9mie due \u00e0 la Covid19 et de l\u2019excellence des relations bilat\u00e9rales entre les deux Royaumes et des moyens des les renforcer.<\/strong><\/p>\n<p>Auteur: M&rsquo;hammed rahal<br \/>\n<a href=\"http:\/\/albayane.press.ma\/le-sg-du-pps-recoit-lambassadeur-du-royaume-de-belgique-au-maroc.html\">Cliquez ici pour lire l&rsquo;article depuis sa source.<\/a><\/p>\n","protected":false},"excerpt":{"rendered":"<p>Au si\u00e8ge national du parti \u00e0 Rabat Mohamed Nabil Benabdallah, secr\u00e9taire g\u00e9n\u00e9ral du Parti du Progr\u00e8s et Socialisme, a re\u00e7u hier, mardi 15 septembre au si\u00e8ge du parti \u00e0 Hay Riyad \u00e0 Rabat, son Excellence l\u2019ambassadeur du Royaume de Belgique \u00e0 Rabat, M. Marc Trenteseau. La rencontre a \u00e9t\u00e9 l\u2019occasion d\u2019un \u00e9change fructueux entre les [&hellip;]<\/p>\n","protected":false},"author":1760,"featured_media":0,"comment_status":"closed","ping_status":"closed","sticky":false,"template":"","format":"standard","meta":{"fifu_image_url":"","fifu_image_alt":"","footnotes":""},"categories":[73,54],"tags":[],"class_list":["post-98854","post","type-post","status-publish","format-standard","hentry","category-actualite","category-maroc"],"_links":{"self":[{"href":"https:\/\/linitiative.ca\/International\/wp-json\/wp\/v2\/posts\/98854","targetHints":{"allow":["GET"]}}],"collection":[{"href":"https:\/\/linitiative.ca\/International\/wp-json\/wp\/v2\/posts"}],"about":[{"href":"https:\/\/linitiative.ca\/International\/wp-json\/wp\/v2\/types\/post"}],"author":[{"embeddable":true,"href":"https:\/\/linitiative.ca\/International\/wp-json\/wp\/v2\/users\/1760"}],"replies":[{"embeddable":true,"href":"https:\/\/linitiative.ca\/International\/wp-json\/wp\/v2\/comments?post=98854"}],"version-history":[{"count":0,"href":"https:\/\/linitiative.ca\/International\/wp-json\/wp\/v2\/posts\/98854\/revisions"}],"wp:attachment":[{"href":"https:\/\/linitiative.ca\/International\/wp-json\/wp\/v2\/media?parent=98854"}],"wp:term":[{"taxonomy":"category","embeddable":true,"href":"https:\/\/linitiative.ca\/International\/wp-json\/wp\/v2\/categories?post=98854"},{"taxonomy":"post_tag","embeddable":true,"href":"https:\/\/linitiative.ca\/International\/wp-json\/wp\/v2\/tags?post=98854"}],"curies":[{"name":"wp","href":"https:\/\/api.w.org\/{rel}","templated":true}]}}