{"id":98855,"date":"2020-09-15T10:17:31","date_gmt":"2020-09-15T14:17:31","guid":{"rendered":"https:\/\/linitiative.ca\/International\/%ef%bb%bfparlement-report-de-lexamen-du-texte-initial\/"},"modified":"2020-09-15T10:17:31","modified_gmt":"2020-09-15T14:17:31","slug":"%ef%bb%bfparlement-report-de-lexamen-du-texte-initial","status":"publish","type":"post","link":"https:\/\/linitiative.ca\/International\/%ef%bb%bfparlement-report-de-lexamen-du-texte-initial\/","title":{"rendered":"\ufeffParlement: report de l\u2019examen du texte initial"},"content":{"rendered":"<p class=\"has-text-color has-vivid-red-color c2\"><strong>Projet de loi sur la gr\u00e8ve<\/strong><\/p>\n<p class=\"has-text-color c3\"><strong>Face \u00e0 grogne syndicale, le ministre du Travail et de l\u2019Insertion professionnelle a d\u00e9cid\u00e9 de reporter l\u2019examen du projet de loi organique relatif au droit de gr\u00e8ve, \u00e0 une date ind\u00e9termin\u00e9e. Ce report intervient \u00e0 la veille de la pr\u00e9sentation du texte gouvernemental devant la commission parlementaire <em>des secteurs sociaux \u00e0 la Chambre des repr\u00e9sentants<\/em>, qui \u00e9tait programm\u00e9e pour aujourd\u2019hui mercredi 16 septembre.<\/strong><\/p>\n<p>Selon nos sources, c\u2019est le ministre Mohamed Amekraz qui a annonc\u00e9, hier mardi,\u00a0 ce report, lors d\u2019une r\u00e9union avec les centrales syndicales.<\/p>\n<p>Mais d\u00e8s le d\u00e9part, la d\u00e9cision du gouvernement de transf\u00e9rer le projet de loi sur la gr\u00e8ve devant la commission comp\u00e9tente \u00e0 la chambre des repr\u00e9sentants a suscit\u00e9 la col\u00e8re des syndicats. L\u2019union marocaine du travail (UMT) est mont\u00e9e au cr\u00e9neau pour d\u00e9noncer cette d\u00e9cision gouvernementale, qualifi\u00e9e d\u2019unilat\u00e9rale qui va \u00e0 l\u2019encontre des int\u00e9r\u00eats des travailleurs.<\/p>\n<p>Dans un communiqu\u00e9 rendu public, le secr\u00e9tariat g\u00e9n\u00e9ral de l\u2019UMT appelle le gouvernement \u00e0 retirer imm\u00e9diatement le projet en question et relancer le dialogue social pour pouvoir d\u00e9battre du texte avant son entr\u00e9e dans le circuit l\u00e9gislatif. A ce propos, la centrale syndicale consid\u00e8re cette attitude gouvernementale comme une provocation qui menace la paix sociale et les droits des travailleurs dans cette conjoncture de crise pand\u00e9mique.<\/p>\n<p>Elle accuse \u00e9galement l\u2019Ex\u00e9cutif d\u2019avoir exploit\u00e9 cette conjoncture pand\u00e9mique pour bafouer les droits des travailleurs et d\u2019agir en vue de servir les int\u00e9r\u00eats du patronat. Ce qui laisse entendre que les n\u00e9gociations entam\u00e9es, autour dudit projet entre le gouvernement, les centrales syndicales les plus repr\u00e9sentatives et la conf\u00e9d\u00e9ration g\u00e9n\u00e9rale des entreprises du Maroc (CGEM) divergent toujours.<\/p>\n<p>Car, ce projet a \u00e9t\u00e9 d\u00e9j\u00e0 report\u00e9 \u00e0 plusieurs reprises en raison des d\u00e9saccords entre les diff\u00e9rents partenaires. Le gouvernement s\u2019\u00e9tait engag\u00e9 \u00e0 mener des n\u00e9gociations avec l\u2019ensemble des parties autant que cela s\u2019av\u00e9rera n\u00e9cessaire afin d\u2019arriver \u00e0 un compromis. Mais enfin de compte, l\u2019Ex\u00e9cutif a introduit le projet de discorde dans le circuit l\u00e9gislatif sans passer par l\u2019institution du dialogue social. Rappelons que le gouvernement avait d\u00e9j\u00e0 pr\u00e9sent\u00e9 sa vision du droit \u00e0 la gr\u00e8ve dans laquelle l\u2019Ex\u00e9cutif favorise la m\u00e9diation comme principe fondamental au r\u00e8glement des conflits. Selon cette vision gouvernementale, la gr\u00e8ve devait \u00e9maner d\u2019une d\u00e9cision prise par la majorit\u00e9 des salari\u00e9s et valid\u00e9e par un vote secret.<\/p>\n<p>De m\u00eame, elle ne doit pas empi\u00e9ter sur les services dans certains secteurs, interdite si le secteur est qualifi\u00e9 de vital et suspendue en cas \u00abd\u2019\u00e9tat de crise nationale\u00bb. L\u2019Ex\u00e9cutif entend ainsi instaurer un \u00e9quilibre entre le droit de \u00abfaire la gr\u00e8ve\u00bb et celui de travailler pour ceux qui le souhaitent, tout en prenant en compte la nature de certains secteurs et la situation g\u00e9n\u00e9rale dans le pays. Ce pack n\u2019a pas s\u00e9duit les syndicats et le patronat qui l\u2019ont rejet\u00e9 en bloc.<\/p>\n<p>Ce qui pousse \u00e0 croire que ledit projet a peu de chances d\u2019\u00eatre valid\u00e9 par le circuit l\u00e9gislatif avant la fin de cette cinqui\u00e8me ann\u00e9e l\u00e9gislative de la dixi\u00e8me l\u00e9gislature.<\/p>\n<p class=\"c4\"><strong>B.Amenzou<\/strong><\/p>\n<p>Auteur: M&rsquo;hammed rahal<br \/>\n<a href=\"http:\/\/albayane.press.ma\/%EF%BB%BFparlement-report-de-lexamen-du-texte-initial.html\">Cliquez ici pour lire l&rsquo;article depuis sa source.<\/a><\/p>\n","protected":false},"excerpt":{"rendered":"<p>Projet de loi sur la gr\u00e8ve Face \u00e0 grogne syndicale, le ministre du Travail et de l\u2019Insertion professionnelle a d\u00e9cid\u00e9 de reporter l\u2019examen du projet de loi organique relatif au droit de gr\u00e8ve, \u00e0 une date ind\u00e9termin\u00e9e. Ce report intervient \u00e0 la veille de la pr\u00e9sentation du texte gouvernemental devant la commission parlementaire des secteurs [&hellip;]<\/p>\n","protected":false},"author":1760,"featured_media":0,"comment_status":"closed","ping_status":"closed","sticky":false,"template":"","format":"standard","meta":{"fifu_image_url":"","fifu_image_alt":"","footnotes":""},"categories":[73,54],"tags":[],"class_list":["post-98855","post","type-post","status-publish","format-standard","hentry","category-actualite","category-maroc"],"_links":{"self":[{"href":"https:\/\/linitiative.ca\/International\/wp-json\/wp\/v2\/posts\/98855","targetHints":{"allow":["GET"]}}],"collection":[{"href":"https:\/\/linitiative.ca\/International\/wp-json\/wp\/v2\/posts"}],"about":[{"href":"https:\/\/linitiative.ca\/International\/wp-json\/wp\/v2\/types\/post"}],"author":[{"embeddable":true,"href":"https:\/\/linitiative.ca\/International\/wp-json\/wp\/v2\/users\/1760"}],"replies":[{"embeddable":true,"href":"https:\/\/linitiative.ca\/International\/wp-json\/wp\/v2\/comments?post=98855"}],"version-history":[{"count":0,"href":"https:\/\/linitiative.ca\/International\/wp-json\/wp\/v2\/posts\/98855\/revisions"}],"wp:attachment":[{"href":"https:\/\/linitiative.ca\/International\/wp-json\/wp\/v2\/media?parent=98855"}],"wp:term":[{"taxonomy":"category","embeddable":true,"href":"https:\/\/linitiative.ca\/International\/wp-json\/wp\/v2\/categories?post=98855"},{"taxonomy":"post_tag","embeddable":true,"href":"https:\/\/linitiative.ca\/International\/wp-json\/wp\/v2\/tags?post=98855"}],"curies":[{"name":"wp","href":"https:\/\/api.w.org\/{rel}","templated":true}]}}