{"id":98856,"date":"2020-09-15T10:24:26","date_gmt":"2020-09-15T14:24:26","guid":{"rendered":"https:\/\/linitiative.ca\/International\/%ef%bb%bfle-maroc-brillamment-elu-au-comite-des-nations-unies-sur-les-droits-economiques-sociaux-et-culturels\/"},"modified":"2020-09-15T10:24:26","modified_gmt":"2020-09-15T14:24:26","slug":"%ef%bb%bfle-maroc-brillamment-elu-au-comite-des-nations-unies-sur-les-droits-economiques-sociaux-et-culturels","status":"publish","type":"post","link":"https:\/\/linitiative.ca\/International\/%ef%bb%bfle-maroc-brillamment-elu-au-comite-des-nations-unies-sur-les-droits-economiques-sociaux-et-culturels\/","title":{"rendered":"\ufeffLe Maroc brillamment \u00e9lu au Comit\u00e9 des Nations-Unies sur les droits \u00e9conomiques, sociaux et culturels"},"content":{"rendered":"<p class=\"has-text-color has-vivid-red-color c2\"><strong>En la personne du professeur Mohamed Amarti<\/strong><\/p>\n<p class=\"has-text-color c3\"><strong>Le Maroc a \u00e9t\u00e9 \u00e9lu, lundi, en la personne du professeur Mohamed Amarti, pour repr\u00e9senter l\u2019Afrique en tant que membre du Comit\u00e9 des Nations-Unies sur les droits \u00e9conomiques, sociaux et culturels, pour une p\u00e9riode de quatre ans, commen\u00e7ant le 1er janvier 2021.<\/strong><\/p>\n<p>Le Comit\u00e9 des droits \u00e9conomiques, sociaux et culturels est l\u2019un des principaux Organes de Trait\u00e9s du syst\u00e8me onusien des droits de l\u2019Homme. Il assure le suivi de la mise en \u0153uvre par les Etats parties, de leurs obligations au titre du Pacte international sur les droits \u00e9conomiques, sociaux et culturels. Ce dernier, au m\u00eame titre que le Pacte sur les droits civils et politiques, constituent le socle de la nomenclature onusienne en mati\u00e8re des droits de l\u2019Homme.<\/p>\n<p>L\u2019\u00e9lection du Maroc \u00e0 ce Comit\u00e9 extr\u00eamement important est une reconnaissance \u00e9loquente de la part de la communaut\u00e9 internationale, des efforts et r\u00e9alisations du Royaume, sous la conduite \u00e9clair\u00e9e de SM le Roi Mohammed VI, en termes de promotion et de protection des droits de l\u2019Homme et des libert\u00e9s fondamentales, particuli\u00e8rement les droits \u00e9conomiques, sociaux et culturels.<\/p>\n<p>Cette \u00e9lection est \u00e9galement une cons\u00e9cration par les Etats membres des Nations-Unies, des grands programmes, chantiers et initiatives adopt\u00e9s par le Maroc afin de prendre en charge et promouvoir les droits \u00e9conomiques, sociaux et culturels sur l\u2019ensemble du territoire national, notamment l\u2019Initiative Nationale pour le D\u00e9veloppement Humain (INDH), lanc\u00e9e par le Souverain en 2005.<\/p>\n<p>Le professeur Amarti a \u00e9t\u00e9 \u00e9lu \u00e0 ce poste, en compagnie du candidat \u00e9gyptien, gr\u00e2ce au vote en sa faveur de 37 des 54 membres du Conseil \u00e9conomique et social des Nations-Unies. M. Amarti, pr\u00e9sident de la Commission r\u00e9gionale de l\u2019Orientale, du Conseil National des Droits de l\u2019Homme, a remport\u00e9 cette \u00e9lection face \u00e0 la candidate sud-africaine qui briguait un second mandat.<\/p>\n<p>Auteur: M&rsquo;hammed rahal<br \/>\n<a href=\"http:\/\/albayane.press.ma\/%EF%BB%BFle-maroc-brillamment-elu-au-comite-des-nations-unies-sur-les-droits-economiques-sociaux-et-culturels.html\">Cliquez ici pour lire l&rsquo;article depuis sa source.<\/a><\/p>\n","protected":false},"excerpt":{"rendered":"<p>En la personne du professeur Mohamed Amarti Le Maroc a \u00e9t\u00e9 \u00e9lu, lundi, en la personne du professeur Mohamed Amarti, pour repr\u00e9senter l\u2019Afrique en tant que membre du Comit\u00e9 des Nations-Unies sur les droits \u00e9conomiques, sociaux et culturels, pour une p\u00e9riode de quatre ans, commen\u00e7ant le 1er janvier 2021. Le Comit\u00e9 des droits \u00e9conomiques, sociaux [&hellip;]<\/p>\n","protected":false},"author":1760,"featured_media":0,"comment_status":"closed","ping_status":"closed","sticky":false,"template":"","format":"standard","meta":{"fifu_image_url":"","fifu_image_alt":"","footnotes":""},"categories":[73,54],"tags":[],"class_list":["post-98856","post","type-post","status-publish","format-standard","hentry","category-actualite","category-maroc"],"_links":{"self":[{"href":"https:\/\/linitiative.ca\/International\/wp-json\/wp\/v2\/posts\/98856","targetHints":{"allow":["GET"]}}],"collection":[{"href":"https:\/\/linitiative.ca\/International\/wp-json\/wp\/v2\/posts"}],"about":[{"href":"https:\/\/linitiative.ca\/International\/wp-json\/wp\/v2\/types\/post"}],"author":[{"embeddable":true,"href":"https:\/\/linitiative.ca\/International\/wp-json\/wp\/v2\/users\/1760"}],"replies":[{"embeddable":true,"href":"https:\/\/linitiative.ca\/International\/wp-json\/wp\/v2\/comments?post=98856"}],"version-history":[{"count":0,"href":"https:\/\/linitiative.ca\/International\/wp-json\/wp\/v2\/posts\/98856\/revisions"}],"wp:attachment":[{"href":"https:\/\/linitiative.ca\/International\/wp-json\/wp\/v2\/media?parent=98856"}],"wp:term":[{"taxonomy":"category","embeddable":true,"href":"https:\/\/linitiative.ca\/International\/wp-json\/wp\/v2\/categories?post=98856"},{"taxonomy":"post_tag","embeddable":true,"href":"https:\/\/linitiative.ca\/International\/wp-json\/wp\/v2\/tags?post=98856"}],"curies":[{"name":"wp","href":"https:\/\/api.w.org\/{rel}","templated":true}]}}