{"id":98858,"date":"2020-09-15T06:39:16","date_gmt":"2020-09-15T10:39:16","guid":{"rendered":"https:\/\/linitiative.ca\/International\/deux-employees-de-lhopital-al-kassab-positives-au-coronavirus\/"},"modified":"2020-09-15T06:39:16","modified_gmt":"2020-09-15T10:39:16","slug":"deux-employees-de-lhopital-al-kassab-positives-au-coronavirus","status":"publish","type":"post","link":"https:\/\/linitiative.ca\/International\/deux-employees-de-lhopital-al-kassab-positives-au-coronavirus\/","title":{"rendered":"Deux employ\u00e9es de l\u2019h\u00f4pital Al Kassab positives au coronavirus"},"content":{"rendered":"<p>La directrice r\u00e9gionale de la sant\u00e9\u00a0de La Manouba a d\u00e9clar\u00e9 dans Sbeh Ennes, ce mardi 15 septembre 2020, que depuis la r\u00e9ouverture des fronti\u00e8res le 27 juin 2020, 84 cas de contaminations au coronavirus ont \u00e9t\u00e9 enregistr\u00e9s dans le gouvernorat, dont deux parmi les employ\u00e9s de l\u2019h\u00f4pital Kassab. L\u2019une des employ\u00e9es a \u00e9t\u00e9 contamin\u00e9e par sa m\u00e8re qui travaille dans un autre \u00e9tablissement hospitalier.<br \/>La directrice de la sant\u00e9 de la Manouba a soulign\u00e9 que tous les coll\u00e8gues des deux femmes positives au coronavirus ont \u00e9t\u00e9 d\u00e9pist\u00e9s et les r\u00e9sultats pourraient prendre du retard, en raison du nombre de tests et le manque de moyens.<\/p>\n<p>source :mosaiquefm.<\/p>\n<div class=\"wp-post-author-wrap wp-post-author-shortcode left\">\n<h3 class=\"awpa-title\"\/>\n<div class=\"wp-post-author\">\n<div class=\"awpa-img awpa-author-block square\"><a href=\"http:\/\/lexpertjournal.net\/fr\/?author=5\"><img loading=\"lazy\" decoding=\"async\" alt=\"\" src=\"http:\/\/0.gravatar.com\/avatar\/97f8e10a1c1125ba104a76514ee07b16?s=150&amp;d=mm&amp;r=g\" srcset=\"http:\/\/0.gravatar.com\/avatar\/97f8e10a1c1125ba104a76514ee07b16?s=300&amp;d=mm&amp;r=g 2x\" class=\"avatar avatar-150 photo\" height=\"150\" width=\"150\"\/><\/a><\/div>\n<\/div>\n<\/div>\n<aside class=\"mashsb-container mashsb-main mashsb-stretched\">\n<\/aside>\n<p>Auteur: L&rsquo;expert<br \/>\n<a href=\"http:\/\/lexpertjournal.net\/fr\/?p=16583\">Cliquez ici pour lire l&rsquo;article depuis sa source.<\/a><\/p>\n","protected":false},"excerpt":{"rendered":"<p>La directrice r\u00e9gionale de la sant\u00e9\u00a0de La Manouba a d\u00e9clar\u00e9 dans Sbeh Ennes, ce mardi 15 septembre 2020, que depuis la r\u00e9ouverture des fronti\u00e8res le 27 juin 2020, 84 cas de contaminations au coronavirus ont \u00e9t\u00e9 enregistr\u00e9s dans le gouvernorat, dont deux parmi les employ\u00e9s de l\u2019h\u00f4pital Kassab. L\u2019une des employ\u00e9es a \u00e9t\u00e9 contamin\u00e9e par [&hellip;]<\/p>\n","protected":false},"author":1775,"featured_media":0,"comment_status":"closed","ping_status":"closed","sticky":false,"template":"","format":"standard","meta":{"fifu_image_url":"","fifu_image_alt":"","footnotes":""},"categories":[78,55],"tags":[],"class_list":["post-98858","post","type-post","status-publish","format-standard","hentry","category-economie","category-tunisie"],"_links":{"self":[{"href":"https:\/\/linitiative.ca\/International\/wp-json\/wp\/v2\/posts\/98858","targetHints":{"allow":["GET"]}}],"collection":[{"href":"https:\/\/linitiative.ca\/International\/wp-json\/wp\/v2\/posts"}],"about":[{"href":"https:\/\/linitiative.ca\/International\/wp-json\/wp\/v2\/types\/post"}],"author":[{"embeddable":true,"href":"https:\/\/linitiative.ca\/International\/wp-json\/wp\/v2\/users\/1775"}],"replies":[{"embeddable":true,"href":"https:\/\/linitiative.ca\/International\/wp-json\/wp\/v2\/comments?post=98858"}],"version-history":[{"count":0,"href":"https:\/\/linitiative.ca\/International\/wp-json\/wp\/v2\/posts\/98858\/revisions"}],"wp:attachment":[{"href":"https:\/\/linitiative.ca\/International\/wp-json\/wp\/v2\/media?parent=98858"}],"wp:term":[{"taxonomy":"category","embeddable":true,"href":"https:\/\/linitiative.ca\/International\/wp-json\/wp\/v2\/categories?post=98858"},{"taxonomy":"post_tag","embeddable":true,"href":"https:\/\/linitiative.ca\/International\/wp-json\/wp\/v2\/tags?post=98858"}],"curies":[{"name":"wp","href":"https:\/\/api.w.org\/{rel}","templated":true}]}}