{"id":98859,"date":"2020-09-15T06:41:56","date_gmt":"2020-09-15T10:41:56","guid":{"rendered":"https:\/\/linitiative.ca\/International\/reprise-des-vols-internationaux-en-arabie-saoudite\/"},"modified":"2020-09-15T06:41:56","modified_gmt":"2020-09-15T10:41:56","slug":"reprise-des-vols-internationaux-en-arabie-saoudite","status":"publish","type":"post","link":"https:\/\/linitiative.ca\/International\/reprise-des-vols-internationaux-en-arabie-saoudite\/","title":{"rendered":"Reprise des vols internationaux en Arabie Saoudite"},"content":{"rendered":"<div class=\"desc descp__content\" data-io-article-url=\"https:\/\/www.mosaiquefm.net\/fr\/actualites-internationales\/795309\/reprise-des-vols-internationaux-en-arabie-saoudite\">\n<p>Six mois apr\u00e8s l\u2019imposition de restrictions en raison de la pand\u00e9mie de Covid-19, l\u2019Arabie saoudite autorise une reprise partielle des vols internationaux \u00e0 partir de ce\u00a0 15 septembre.<\/p>\n<p>Les citoyens du Golfe et les personnes disposant d\u2019un permis de r\u00e9sidence valide ou d\u2019un visa seront autoris\u00e9s \u00e0 entrer en Arabie saoudite \u00e0 partir du 15 septembre s\u2019ils ne sont pas infect\u00e9s par le nouveau coronavirus. D\u2019autres \u00ab cat\u00e9gories exceptionnelles \u00bb, comme les employ\u00e9s du gouvernement saoudien et de l\u2019arm\u00e9e, ceux des ambassades de pays \u00e9trangers ainsi que les personnes ayant besoin d\u2019un traitement m\u00e9dical, seront \u00e9galement autoris\u00e9es \u00e0 entrer dans le royaume \u00e0 la m\u00eame date.<br \/>Les p\u00e8lerinages vont reprendre graduellement<\/p>\n<p>Le minist\u00e8re a aussi indiqu\u00e9 qu\u2019un plan pour une reprise graduelle du petit p\u00e8lerinage musulman, la Omra, qui s\u2019effectue tout au long de l\u2019ann\u00e9e, serait annonc\u00e9 plus tard.<\/p>\n<\/div>\n<div class=\"date text-center\">source:mosaiquefm<\/div>\n<div class=\"wp-post-author-wrap wp-post-author-shortcode left\">\n<h3 class=\"awpa-title\"\/>\n<div class=\"wp-post-author\">\n<div class=\"awpa-img awpa-author-block square\"><a href=\"http:\/\/lexpertjournal.net\/fr\/?author=5\"><img loading=\"lazy\" decoding=\"async\" alt=\"\" src=\"http:\/\/0.gravatar.com\/avatar\/97f8e10a1c1125ba104a76514ee07b16?s=150&amp;d=mm&amp;r=g\" srcset=\"http:\/\/0.gravatar.com\/avatar\/97f8e10a1c1125ba104a76514ee07b16?s=300&amp;d=mm&amp;r=g 2x\" class=\"avatar avatar-150 photo\" height=\"150\" width=\"150\"\/><\/a><\/div>\n<\/div>\n<\/div>\n<aside class=\"mashsb-container mashsb-main mashsb-stretched\">\n<\/aside>\n<p>Auteur: L&rsquo;expert<br \/>\n<a href=\"http:\/\/lexpertjournal.net\/fr\/?p=16586\">Cliquez ici pour lire l&rsquo;article depuis sa source.<\/a><\/p>\n","protected":false},"excerpt":{"rendered":"<p>Six mois apr\u00e8s l\u2019imposition de restrictions en raison de la pand\u00e9mie de Covid-19, l\u2019Arabie saoudite autorise une reprise partielle des vols internationaux \u00e0 partir de ce\u00a0 15 septembre. Les citoyens du Golfe et les personnes disposant d\u2019un permis de r\u00e9sidence valide ou d\u2019un visa seront autoris\u00e9s \u00e0 entrer en Arabie saoudite \u00e0 partir du 15 [&hellip;]<\/p>\n","protected":false},"author":1775,"featured_media":0,"comment_status":"closed","ping_status":"closed","sticky":false,"template":"","format":"standard","meta":{"fifu_image_url":"","fifu_image_alt":"","footnotes":""},"categories":[78,55],"tags":[],"class_list":["post-98859","post","type-post","status-publish","format-standard","hentry","category-economie","category-tunisie"],"_links":{"self":[{"href":"https:\/\/linitiative.ca\/International\/wp-json\/wp\/v2\/posts\/98859","targetHints":{"allow":["GET"]}}],"collection":[{"href":"https:\/\/linitiative.ca\/International\/wp-json\/wp\/v2\/posts"}],"about":[{"href":"https:\/\/linitiative.ca\/International\/wp-json\/wp\/v2\/types\/post"}],"author":[{"embeddable":true,"href":"https:\/\/linitiative.ca\/International\/wp-json\/wp\/v2\/users\/1775"}],"replies":[{"embeddable":true,"href":"https:\/\/linitiative.ca\/International\/wp-json\/wp\/v2\/comments?post=98859"}],"version-history":[{"count":0,"href":"https:\/\/linitiative.ca\/International\/wp-json\/wp\/v2\/posts\/98859\/revisions"}],"wp:attachment":[{"href":"https:\/\/linitiative.ca\/International\/wp-json\/wp\/v2\/media?parent=98859"}],"wp:term":[{"taxonomy":"category","embeddable":true,"href":"https:\/\/linitiative.ca\/International\/wp-json\/wp\/v2\/categories?post=98859"},{"taxonomy":"post_tag","embeddable":true,"href":"https:\/\/linitiative.ca\/International\/wp-json\/wp\/v2\/tags?post=98859"}],"curies":[{"name":"wp","href":"https:\/\/api.w.org\/{rel}","templated":true}]}}