{"id":98860,"date":"2020-09-15T06:26:00","date_gmt":"2020-09-15T10:26:00","guid":{"rendered":"https:\/\/linitiative.ca\/International\/deux-ans-de-prison-ferme-pour-drareni-et-quatre-mois-pour-benlarbi-et-hamitouche\/"},"modified":"2020-09-15T06:26:00","modified_gmt":"2020-09-15T10:26:00","slug":"deux-ans-de-prison-ferme-pour-drareni-et-quatre-mois-pour-benlarbi-et-hamitouche","status":"publish","type":"post","link":"https:\/\/linitiative.ca\/International\/deux-ans-de-prison-ferme-pour-drareni-et-quatre-mois-pour-benlarbi-et-hamitouche\/","title":{"rendered":"Deux ans de prison ferme pour Drareni et quatre mois pour Benlarbi et Hamitouche"},"content":{"rendered":"<div id=\"originalText\" readability=\"49\">\n<p class=\"c6\">Le journaliste Khaled Drareni a \u00e9t\u00e9\u00a0condamn\u00e9, ce mardi,\u00a0 \u00e0 2 ans de prison ferme, par le juge de la Cour d&rsquo;Alger, \u00e0 Ruisseau.<\/p>\n<p class=\"c6\">Le juge a \u00e9galement condamn\u00e9 les activistes Samir Benlarbi et Slimane Hamitouche \u00a0\u00e0 une peine d\u2019une ann\u00e9e de prison dont 4 mois ferme et 8 mois avec sursis.<\/p>\n<p class=\"c6\">Pour rappel, le procureur avait requis,\u00a0lors du proc\u00e8s en appel en date du mardi 8 septembre dernier, 4 ans de prison ferme et 50 000 DA d\u2019amende \u00e0 l\u2019encontre de Drareni, emprisonn\u00e9 Kol\u00e9a (Tipasa). Quant \u00e0 ses deux coaccus\u00e9s, ils sont en libert\u00e9 provisoire depuis le 2 juillet dernier.<\/p>\n<p><iframe loading=\"lazy\" allowfullscreen=\"true\" allowtransparency=\"true\" frameborder=\"0\" height=\"315\" scrolling=\"no\" src=\"https:\/\/www.facebook.com\/plugins\/video.php?href=https%3A%2F%2Fwww.facebook.com%2FJournaLiberteOfficiel%2Fvideos%2F355672292136891%2F&amp;show_text=0&amp;width=560\" class=\"c7\" width=\"560\">[embedded content]<\/iframe><\/p>\n<p><iframe loading=\"lazy\" allowfullscreen=\"true\" allowtransparency=\"true\" frameborder=\"0\" height=\"315\" scrolling=\"no\" src=\"https:\/\/www.facebook.com\/plugins\/video.php?href=https%3A%2F%2Fwww.facebook.com%2FJournaLiberteOfficiel%2Fvideos%2F827116738033265%2F&amp;show_text=0&amp;width=560\" class=\"c7\" width=\"560\">[embedded content]<\/iframe><\/p>\n<p class=\"c8\"><strong>Im\u00e8ne AMOKRANE<\/strong><br \/>\u00a0<\/p>\n<\/div>\n<div id=\"text_core\" readability=\"49\">\n<p class=\"c6\">Le journaliste Khaled Drareni a \u00e9t\u00e9\u00a0condamn\u00e9, ce mardi,\u00a0 \u00e0 2 ans de prison ferme, par le juge de la Cour d&rsquo;Alger, \u00e0 Ruisseau.<\/p>\n<p class=\"c6\">Le juge a \u00e9galement condamn\u00e9 les activistes Samir Benlarbi et Slimane Hamitouche \u00a0\u00e0 une peine d\u2019une ann\u00e9e de prison dont 4 mois ferme et 8 mois avec sursis.<\/p>\n<p class=\"c6\">Pour rappel, le procureur avait requis,\u00a0lors du proc\u00e8s en appel en date du mardi 8 septembre dernier, 4 ans de prison ferme et 50 000 DA d\u2019amende \u00e0 l\u2019encontre de Drareni, emprisonn\u00e9 Kol\u00e9a (Tipasa). Quant \u00e0 ses deux coaccus\u00e9s, ils sont en libert\u00e9 provisoire depuis le 2 juillet dernier.<\/p>\n<p><iframe loading=\"lazy\" allowfullscreen=\"true\" allowtransparency=\"true\" frameborder=\"0\" height=\"315\" scrolling=\"no\" src=\"https:\/\/www.facebook.com\/plugins\/video.php?href=https%3A%2F%2Fwww.facebook.com%2FJournaLiberteOfficiel%2Fvideos%2F355672292136891%2F&amp;show_text=0&amp;width=560\" class=\"c7\" width=\"560\">[embedded content]<\/iframe><\/p>\n<p><iframe loading=\"lazy\" allowfullscreen=\"true\" allowtransparency=\"true\" frameborder=\"0\" height=\"315\" scrolling=\"no\" src=\"https:\/\/www.facebook.com\/plugins\/video.php?href=https%3A%2F%2Fwww.facebook.com%2FJournaLiberteOfficiel%2Fvideos%2F827116738033265%2F&amp;show_text=0&amp;width=560\" class=\"c7\" width=\"560\">[embedded content]<\/iframe><\/p>\n<p class=\"c8\"><strong>Im\u00e8ne AMOKRANE<\/strong><br \/>\u00a0<\/p>\n<\/div>\n<p>Auteur:<br \/>\n<a href=\"https:\/\/www.liberte-algerie.com\/actualite\/deux-ans-de-prison-ferme-pour-drareni-et-quatre-mois-pour-benlarbi-et-hamitouche-345595\">Cliquez ici pour lire l&rsquo;article depuis sa source.<\/a><\/p>\n","protected":false},"excerpt":{"rendered":"<p>Le journaliste Khaled Drareni a \u00e9t\u00e9\u00a0condamn\u00e9, ce mardi,\u00a0 \u00e0 2 ans de prison ferme, par le juge de la Cour d&rsquo;Alger, \u00e0 Ruisseau. Le juge a \u00e9galement condamn\u00e9 les activistes Samir Benlarbi et Slimane Hamitouche \u00a0\u00e0 une peine d\u2019une ann\u00e9e de prison dont 4 mois ferme et 8 mois avec sursis. Pour rappel, le procureur [&hellip;]<\/p>\n","protected":false},"author":1742,"featured_media":0,"comment_status":"closed","ping_status":"closed","sticky":false,"template":"","format":"standard","meta":{"fifu_image_url":"","fifu_image_alt":"","footnotes":""},"categories":[73,53],"tags":[],"class_list":["post-98860","post","type-post","status-publish","format-standard","hentry","category-actualite","category-algerie"],"_links":{"self":[{"href":"https:\/\/linitiative.ca\/International\/wp-json\/wp\/v2\/posts\/98860","targetHints":{"allow":["GET"]}}],"collection":[{"href":"https:\/\/linitiative.ca\/International\/wp-json\/wp\/v2\/posts"}],"about":[{"href":"https:\/\/linitiative.ca\/International\/wp-json\/wp\/v2\/types\/post"}],"author":[{"embeddable":true,"href":"https:\/\/linitiative.ca\/International\/wp-json\/wp\/v2\/users\/1742"}],"replies":[{"embeddable":true,"href":"https:\/\/linitiative.ca\/International\/wp-json\/wp\/v2\/comments?post=98860"}],"version-history":[{"count":0,"href":"https:\/\/linitiative.ca\/International\/wp-json\/wp\/v2\/posts\/98860\/revisions"}],"wp:attachment":[{"href":"https:\/\/linitiative.ca\/International\/wp-json\/wp\/v2\/media?parent=98860"}],"wp:term":[{"taxonomy":"category","embeddable":true,"href":"https:\/\/linitiative.ca\/International\/wp-json\/wp\/v2\/categories?post=98860"},{"taxonomy":"post_tag","embeddable":true,"href":"https:\/\/linitiative.ca\/International\/wp-json\/wp\/v2\/tags?post=98860"}],"curies":[{"name":"wp","href":"https:\/\/api.w.org\/{rel}","templated":true}]}}