{"id":98862,"date":"2020-09-15T09:51:37","date_gmt":"2020-09-15T13:51:37","guid":{"rendered":"https:\/\/linitiative.ca\/International\/approbation-de-la-creation-de-chichaoua-pour-lenvironnement\/"},"modified":"2020-09-15T09:51:37","modified_gmt":"2020-09-15T13:51:37","slug":"approbation-de-la-creation-de-chichaoua-pour-lenvironnement","status":"publish","type":"post","link":"https:\/\/linitiative.ca\/International\/approbation-de-la-creation-de-chichaoua-pour-lenvironnement\/","title":{"rendered":"Approbation de la cr\u00e9ation de \u00ab\u00a0Chichaoua pour l\u2019environnement\u00a0\u00bb"},"content":{"rendered":"<div class=\"single-featured\"><img alt=\"\" data-src=\"http:\/\/www.mapmarrakech.ma\/map\/uploads\/2020\/09\/conseil-provincial-chichaoua-copier.jpg\"\/><\/div>\n<div class=\"single-post-excerpt post-excerpt-bc\" readability=\"37\">\n<p>Chichaoua \u2013 Le conseil provincial de Chichaoua a approuv\u00e9, lundi lors de sa session ordinaire, la convention de partenariat relative \u00e0 la cr\u00e9ation du groupement des communes \u00ab\u00a0Chichaoua pour l\u2019environnement\u00a0\u00bb, d\u00e9di\u00e9 \u00e0 la gestion et au traitement des d\u00e9chets solides.<\/p>\n<\/div>\n<div class=\"entry-content clearfix single-post-content\" readability=\"69\">\n<p>Cette convention, adopt\u00e9e lors de cette session pr\u00e9sid\u00e9e par Said El Mhajri, en pr\u00e9sence du gouverneur de la province, Bouabid El Guerrab, s\u2019inscrit dans le cadre de la mise en \u0153uvre du sch\u00e9ma directeur de gestion des d\u00e9chets m\u00e9nagers et assimil\u00e9s, propre \u00e0 la province et r\u00e9alis\u00e9 dans le cadre d\u2019une convention de partenariat entre le minist\u00e8re de l\u2019Int\u00e9rieur (Direction G\u00e9n\u00e9rale des Collectivit\u00e9s Locales : DGCL), le minist\u00e8re de l\u2019Energie, des mines et de l\u2019environnement (d\u00e9partement de l\u2019environnement) et le conseil provincial de Chichaoua.<\/p>\n<p>En vertu de cette convention, le groupement des communes \u00ab\u00a0Chichaoua pour l\u2019environnement\u00a0\u00bb se verra confier la gestion des d\u00e9charges publiques au niveau de la province, \u00e0 travers le traitement des d\u00e9chets solides et leur recyclage sans porter atteinte \u00e0 l\u2019environnement et \u00e0 la nappe phr\u00e9atique.<\/p>\n<p>Par ailleurs, le conseil provincial a adopt\u00e9 une convention de partenariat relative \u00e0 la r\u00e9alisation du projet de protection du centre de la commune de Sidi Mokhtar contre le risque des inondations de Oued Farh, ainsi qu\u2019un avenant \u00e0 la convention de partenariat portant sur la construction d\u2019un pont sur oued Asseratou dans la commune de Ain Tazitounte, et une convention de partenariat pour la r\u00e9alisation du projet d\u2019extension du r\u00e9seau \u00e9lectrique au niveau du ressort territorial de la commune d\u2019Ahdil.<\/p>\n<p>Lors de cette session, il a \u00e9t\u00e9 \u00e9galement proc\u00e9d\u00e9 \u00e0 l\u2019approbation d\u2019une convention de partenariat entre le conseil provincial et la commune de Bouaboud pour la r\u00e9alisation de la chauss\u00e9e du tron\u00e7on reliant la route r\u00e9gionale 214 et douar Tameloukt sur une longueur de 2,4 Km.<\/p>\n<p>Au terme de cette session, le conseil a adopt\u00e9 le projet d\u2019une convention de partenariat et de coop\u00e9ration entre cette instance \u00e9lue et la brigade de la Gendarmerie Royale de la province pour l\u2019acquisition de v\u00e9hicules de transport en faveur des centres relevant de ce service de s\u00e9curit\u00e9 \u00e0 Chichaoua.<\/p>\n<\/div>\n<p>Auteur: Meriem IGASS<br \/>\n<a href=\"http:\/\/www.mapmarrakech.ma\/fr\/approbation-de-la-creation-du-groupement-chichaoua-pour-lenvironnement\/\">Cliquez ici pour lire l&rsquo;article depuis sa source.<\/a><\/p>\n","protected":false},"excerpt":{"rendered":"<p>Chichaoua \u2013 Le conseil provincial de Chichaoua a approuv\u00e9, lundi lors de sa session ordinaire, la convention de partenariat relative \u00e0 la cr\u00e9ation du groupement des communes \u00ab\u00a0Chichaoua pour l\u2019environnement\u00a0\u00bb, d\u00e9di\u00e9 \u00e0 la gestion et au traitement des d\u00e9chets solides. Cette convention, adopt\u00e9e lors de cette session pr\u00e9sid\u00e9e par Said El Mhajri, en pr\u00e9sence du [&hellip;]<\/p>\n","protected":false},"author":1788,"featured_media":98863,"comment_status":"closed","ping_status":"closed","sticky":false,"template":"","format":"standard","meta":{"fifu_image_url":"","fifu_image_alt":"","footnotes":""},"categories":[54,76],"tags":[],"class_list":["post-98862","post","type-post","status-publish","format-standard","has-post-thumbnail","hentry","category-maroc","category-regions"],"_links":{"self":[{"href":"https:\/\/linitiative.ca\/International\/wp-json\/wp\/v2\/posts\/98862","targetHints":{"allow":["GET"]}}],"collection":[{"href":"https:\/\/linitiative.ca\/International\/wp-json\/wp\/v2\/posts"}],"about":[{"href":"https:\/\/linitiative.ca\/International\/wp-json\/wp\/v2\/types\/post"}],"author":[{"embeddable":true,"href":"https:\/\/linitiative.ca\/International\/wp-json\/wp\/v2\/users\/1788"}],"replies":[{"embeddable":true,"href":"https:\/\/linitiative.ca\/International\/wp-json\/wp\/v2\/comments?post=98862"}],"version-history":[{"count":0,"href":"https:\/\/linitiative.ca\/International\/wp-json\/wp\/v2\/posts\/98862\/revisions"}],"wp:featuredmedia":[{"embeddable":true,"href":"https:\/\/linitiative.ca\/International\/wp-json\/"}],"wp:attachment":[{"href":"https:\/\/linitiative.ca\/International\/wp-json\/wp\/v2\/media?parent=98862"}],"wp:term":[{"taxonomy":"category","embeddable":true,"href":"https:\/\/linitiative.ca\/International\/wp-json\/wp\/v2\/categories?post=98862"},{"taxonomy":"post_tag","embeddable":true,"href":"https:\/\/linitiative.ca\/International\/wp-json\/wp\/v2\/tags?post=98862"}],"curies":[{"name":"wp","href":"https:\/\/api.w.org\/{rel}","templated":true}]}}