{"id":98864,"date":"2020-09-15T09:59:05","date_gmt":"2020-09-15T13:59:05","guid":{"rendered":"https:\/\/linitiative.ca\/International\/le-conseil-provincial-tient-sa-session-ordinaire-du-mois-de-septembre\/"},"modified":"2020-09-15T09:59:05","modified_gmt":"2020-09-15T13:59:05","slug":"le-conseil-provincial-tient-sa-session-ordinaire-du-mois-de-septembre","status":"publish","type":"post","link":"https:\/\/linitiative.ca\/International\/le-conseil-provincial-tient-sa-session-ordinaire-du-mois-de-septembre\/","title":{"rendered":"Le conseil provincial tient sa session ordinaire du mois de septembre"},"content":{"rendered":"<div readability=\"39\">\n<p>Safi \u2013 Le conseil provincial de Safi a tenu, lundi, sa session ordinaire au titre du mois de septembre au cours de laquelle, il a \u00e9t\u00e9 proc\u00e9d\u00e9 \u00e0 l\u2019examen et \u00e0 l\u2019adoption, \u00e0 l\u2019unanimit\u00e9, des points figurant \u00e0 l\u2019ordre du jour.<\/p>\n<\/div>\n<div readability=\"82\">\n<p>Lors de cette session, tenue en pr\u00e9sence du pr\u00e9sident de cette instance \u00e9lue, Abdellah Karim, et du gouverneur de la province, M. Lahoucine Chaynane, le Conseil a approuv\u00e9 l\u2019\u00e9tude du projet de budget au titre de l\u2019exercice 2021, le projet de programmation de l\u2019exc\u00e9dent r\u00e9el au titre de l\u2019exercice 2019, ainsi que le projet portant sur la mise \u00e0 la r\u00e9forme des voitures v\u00e9tustes du parc automobile.<\/p>\n<p>Cette instance \u00e9lue a \u00e9galement approuv\u00e9 la reprise des d\u00e9lib\u00e9rations concernant un accord de partenariat entre le Conseil provincial de Safi, la D\u00e9l\u00e9gation provinciale du minist\u00e8re de la Sant\u00e9 et l\u2019Association des malades souffrant d\u2019insuffisance r\u00e9nale de Jem\u00e2ate Shaim portant sur l\u2019acquisition et la gestion d\u2019une ambulance pour le transport des patients, et l\u2019adoption d\u2019une d\u00e9cision relative \u00e0 l\u2019approbation du transfert de la propri\u00e9t\u00e9 de l\u2019ambulance au Commandement provincial de la Protection Civile \u00e0 Safi.<\/p>\n<p>A cette occasion, le gouverneur de la province, a soulign\u00e9 l\u2019importance des points inscrits \u00e0 l\u2019ordre du jour de cette session, appelant toutes les parties prenantes \u00e0 f\u00e9d\u00e9rer leurs efforts pour mettre en \u0153uvre ces projets qui auront, sans nul doute, un impact positif sur les habitants.<\/p>\n<p>M. Chaynane, qui s\u2019est f\u00e9licit\u00e9 des efforts d\u00e9ploy\u00e9s par le Conseil provincial et les collectivit\u00e9s territoriales pour lutter contre la pand\u00e9mie du nouveau coronavirus (Covid-19), a \u00e9galement salu\u00e9 la mobilisation citoyenne des habitants de la province.<\/p>\n<p>Le Conseil provincial a, par ailleurs, approuv\u00e9 l\u2019\u00e9tude du projet d\u2019accord-cadre de partenariat pour la r\u00e9alisation de stades de proximit\u00e9 en milieux rural et semi-urbain, financ\u00e9s par le minist\u00e8re de la Jeunesse et des Sports, ainsi que le protocole financier y aff\u00e9rent.<\/p>\n<p>Lors de cette session de travail, les membres de cette instance \u00e9lue ont \u00e9galement d\u00e9cid\u00e9 d\u2019organiser de nouvelles d\u00e9lib\u00e9rations sur un accord de partenariat entre le Conseil provincial de Safi et la commune de Beddouza, portant sur l\u2019extension du r\u00e9seau \u00e9lectrique.<\/p>\n<p>De m\u00eame, ils ont approuv\u00e9 un accord de partenariat entre le Conseil provincial de Safi et le conseil communal d\u2019Al-Garaani portant sur la r\u00e9habilitation du centre de ladite commune.<\/p>\n<\/div>\n<p>Auteur: Meriem IGASS<br \/>\n<a href=\"http:\/\/www.mapmarrakech.ma\/fr\/le-conseil-provincial-tient-sa-session-ordinaire-du-mois-de-septembre\/\">Cliquez ici pour lire l&rsquo;article depuis sa source.<\/a><\/p>\n","protected":false},"excerpt":{"rendered":"<p>Safi \u2013 Le conseil provincial de Safi a tenu, lundi, sa session ordinaire au titre du mois de septembre au cours de laquelle, il a \u00e9t\u00e9 proc\u00e9d\u00e9 \u00e0 l\u2019examen et \u00e0 l\u2019adoption, \u00e0 l\u2019unanimit\u00e9, des points figurant \u00e0 l\u2019ordre du jour. Lors de cette session, tenue en pr\u00e9sence du pr\u00e9sident de cette instance \u00e9lue, Abdellah [&hellip;]<\/p>\n","protected":false},"author":1788,"featured_media":0,"comment_status":"closed","ping_status":"closed","sticky":false,"template":"","format":"standard","meta":{"fifu_image_url":"","fifu_image_alt":"","footnotes":""},"categories":[54,76],"tags":[],"class_list":["post-98864","post","type-post","status-publish","format-standard","hentry","category-maroc","category-regions"],"_links":{"self":[{"href":"https:\/\/linitiative.ca\/International\/wp-json\/wp\/v2\/posts\/98864","targetHints":{"allow":["GET"]}}],"collection":[{"href":"https:\/\/linitiative.ca\/International\/wp-json\/wp\/v2\/posts"}],"about":[{"href":"https:\/\/linitiative.ca\/International\/wp-json\/wp\/v2\/types\/post"}],"author":[{"embeddable":true,"href":"https:\/\/linitiative.ca\/International\/wp-json\/wp\/v2\/users\/1788"}],"replies":[{"embeddable":true,"href":"https:\/\/linitiative.ca\/International\/wp-json\/wp\/v2\/comments?post=98864"}],"version-history":[{"count":0,"href":"https:\/\/linitiative.ca\/International\/wp-json\/wp\/v2\/posts\/98864\/revisions"}],"wp:attachment":[{"href":"https:\/\/linitiative.ca\/International\/wp-json\/wp\/v2\/media?parent=98864"}],"wp:term":[{"taxonomy":"category","embeddable":true,"href":"https:\/\/linitiative.ca\/International\/wp-json\/wp\/v2\/categories?post=98864"},{"taxonomy":"post_tag","embeddable":true,"href":"https:\/\/linitiative.ca\/International\/wp-json\/wp\/v2\/tags?post=98864"}],"curies":[{"name":"wp","href":"https:\/\/api.w.org\/{rel}","templated":true}]}}