{"id":98865,"date":"2020-09-15T10:29:11","date_gmt":"2020-09-15T14:29:11","guid":{"rendered":"https:\/\/linitiative.ca\/International\/15-million-de-dh-pour-la-lutte-contre-la-covid-19\/"},"modified":"2020-09-15T10:29:11","modified_gmt":"2020-09-15T14:29:11","slug":"15-million-de-dh-pour-la-lutte-contre-la-covid-19","status":"publish","type":"post","link":"https:\/\/linitiative.ca\/International\/15-million-de-dh-pour-la-lutte-contre-la-covid-19\/","title":{"rendered":"1,5 million de DH pour la lutte contre la Covid-19"},"content":{"rendered":"<div readability=\"37\">\n<p>El Kel\u00e2a des Sraghna \u2013 Le Conseil provincial d\u2019El Kel\u00e2a des Sraghna, r\u00e9uni lundi en session ordinaire, a d\u00e9cid\u00e9 d\u2019allouer 1,5 million de DH pour appuyer les efforts de lutte contre la pand\u00e9mie de la Covid-19.<\/p>\n<\/div>\n<div readability=\"79\">\n<p>Lors de cette r\u00e9union, pr\u00e9sid\u00e9e par M. Abderrahim Ouamrou en pr\u00e9sence du gouverneur de la province, M. Hicham Smahi, le conseil a \u00e9galement consacr\u00e9 une enveloppe budg\u00e9taire de 1,5 million de DH pour l\u2019acquisition d\u2019ambulances au profit de l\u2019h\u00f4pital provincial \u00ab\u00a0Salama\u00a0\u00bb, en guise de contribution \u00e0 la mobilisation des moyens logistiques n\u00e9cessaires pour le transport des patients atteints de la Covid-19.<\/p>\n<p>Sur le plan social, les membres du conseil ont approuv\u00e9 un avenant \u00e0 la convention de partenariat conclue entre cette instance \u00e9lue et l\u2019Association des \u0153uvres sociales des fonctionnaires et agents de la pr\u00e9fecture de la province d\u2019El Kel\u00e2a des Sraghna, avant de suivre un rapport exhaustif de cette association sur les domaines dans lesquels ont \u00e9t\u00e9 d\u00e9pens\u00e9s les fonds et contributions accord\u00e9s par le conseil, ainsi que sur les parties b\u00e9n\u00e9ficiaires.<\/p>\n<p>Dans le domaine environnemental, il a \u00e9t\u00e9 proc\u00e9d\u00e9 \u00e0 l\u2019adoption d\u2019un avenant \u00e0 la convention de partenariat relative \u00e0 l\u2019am\u00e9nagement et \u00e0 la gestion d\u2019un espace \u00e9ducatif et de divertissement \u00e0 proximit\u00e9 de \u00ab\u00a0Sakia Al Yacoubia\u00a0\u00bb dans la commune d\u2019El Kel\u00e2a des Sraghna, et d\u2019un avenant \u00e0 la convention de partenariat portant sur la cr\u00e9ation d\u2019un espace de loisirs dans la commune de Mayate.<\/p>\n<p>En mati\u00e8re d\u2019approvisionnement en eau potable, le conseil a approuv\u00e9 un don de trois camions-citernes au profit des communes d\u2019Ouled Abou Ali, Tamallalet et d\u2019El Attaouia, et accept\u00e9 un don de camions-citernes octroy\u00e9 par le Conseil de la R\u00e9gion Marrakech-Safi.<\/p>\n<p>Par ailleurs, cette session a \u00e9t\u00e9 l\u2019occasion pour la pr\u00e9sentation des rapports annuels, moral et financier, au titre de l\u2019exercice 2019 ainsi que du programme des activit\u00e9s pr\u00e9visionnelles de l\u2019association Bougafer d\u2019h\u00e9modialyse \u00e0 El Attaouia, d\u2019un expos\u00e9 du membre d\u00e9l\u00e9gu\u00e9 au sein du conseil d\u2019administration de l\u2019Office r\u00e9gional de mise en valeur agricole, outre un expos\u00e9 sur l\u2019\u00e9tat des lieux de l\u2019approvisionnement en eau potable au niveau de la province.<\/p>\n<p>Sur le plan organisationnel, les membres du Conseil ont approuv\u00e9 l\u2019amendement port\u00e9 \u00e0 certaines attributions de l\u2019administration de cette instance \u00e9lue et la reconstitution des commissions permanentes, ainsi que le projet d\u2019actualisation du programme de d\u00e9veloppement de la province afin qu\u2019il soit en phase avec les nouveaux besoins de cette partie du territoire national.<\/p>\n<\/div>\n<p>Auteur: Meriem IGASS<br \/>\n<a href=\"http:\/\/www.mapmarrakech.ma\/fr\/15-million-de-dh-pour-la-lutte-contre-la-covid-19\/\">Cliquez ici pour lire l&rsquo;article depuis sa source.<\/a><\/p>\n","protected":false},"excerpt":{"rendered":"<p>El Kel\u00e2a des Sraghna \u2013 Le Conseil provincial d\u2019El Kel\u00e2a des Sraghna, r\u00e9uni lundi en session ordinaire, a d\u00e9cid\u00e9 d\u2019allouer 1,5 million de DH pour appuyer les efforts de lutte contre la pand\u00e9mie de la Covid-19. Lors de cette r\u00e9union, pr\u00e9sid\u00e9e par M. Abderrahim Ouamrou en pr\u00e9sence du gouverneur de la province, M. Hicham Smahi, [&hellip;]<\/p>\n","protected":false},"author":1788,"featured_media":0,"comment_status":"closed","ping_status":"closed","sticky":false,"template":"","format":"standard","meta":{"fifu_image_url":"","fifu_image_alt":"","footnotes":""},"categories":[54,76],"tags":[],"class_list":["post-98865","post","type-post","status-publish","format-standard","hentry","category-maroc","category-regions"],"_links":{"self":[{"href":"https:\/\/linitiative.ca\/International\/wp-json\/wp\/v2\/posts\/98865","targetHints":{"allow":["GET"]}}],"collection":[{"href":"https:\/\/linitiative.ca\/International\/wp-json\/wp\/v2\/posts"}],"about":[{"href":"https:\/\/linitiative.ca\/International\/wp-json\/wp\/v2\/types\/post"}],"author":[{"embeddable":true,"href":"https:\/\/linitiative.ca\/International\/wp-json\/wp\/v2\/users\/1788"}],"replies":[{"embeddable":true,"href":"https:\/\/linitiative.ca\/International\/wp-json\/wp\/v2\/comments?post=98865"}],"version-history":[{"count":0,"href":"https:\/\/linitiative.ca\/International\/wp-json\/wp\/v2\/posts\/98865\/revisions"}],"wp:attachment":[{"href":"https:\/\/linitiative.ca\/International\/wp-json\/wp\/v2\/media?parent=98865"}],"wp:term":[{"taxonomy":"category","embeddable":true,"href":"https:\/\/linitiative.ca\/International\/wp-json\/wp\/v2\/categories?post=98865"},{"taxonomy":"post_tag","embeddable":true,"href":"https:\/\/linitiative.ca\/International\/wp-json\/wp\/v2\/tags?post=98865"}],"curies":[{"name":"wp","href":"https:\/\/api.w.org\/{rel}","templated":true}]}}