{"id":98866,"date":"2020-09-15T10:33:08","date_gmt":"2020-09-15T14:33:08","guid":{"rendered":"https:\/\/linitiative.ca\/International\/approbation-de-deux-conventions-dans-les-domaines-social-et-routier\/"},"modified":"2020-09-15T10:33:08","modified_gmt":"2020-09-15T14:33:08","slug":"approbation-de-deux-conventions-dans-les-domaines-social-et-routier","status":"publish","type":"post","link":"https:\/\/linitiative.ca\/International\/approbation-de-deux-conventions-dans-les-domaines-social-et-routier\/","title":{"rendered":"Approbation de deux conventions dans les domaines social et routier"},"content":{"rendered":"<div class=\"single-featured\"><img alt=\"\" data-src=\"http:\/\/www.mapmarrakech.ma\/map\/uploads\/2020\/09\/conseil-provincial-rehamna-copier.jpg\"\/><\/div>\n<div class=\"single-post-excerpt post-excerpt-bc\" readability=\"35\">\n<p>Benguerir (province de Rehamna) \u2013 Le Conseil provincial de Rehamna r\u00e9uni, lundi en session ordinaire, a approuv\u00e9 deux conventions relatives aux domaines social et routier.<\/p>\n<\/div>\n<div class=\"entry-content clearfix single-post-content\" readability=\"65\">\n<p>Lors de cette session tenue sous la pr\u00e9sidence de Mustapha Cherkaoui, pr\u00e9sident de cette instance \u00e9lue, et en pr\u00e9sence du gouverneur de la province, Aziz Bouignane, il a \u00e9t\u00e9 proc\u00e9d\u00e9 \u00e0 l\u2019adoption des conventions de partenariats conclues entre le conseil provincial de Rehamna et les \u00e9tablissements de protection sociale de Dar Attalib de la province au titre de 2020.<\/p>\n<p>Le conseil a \u00e9galement approuv\u00e9 une annexe d\u2019amendement d\u2019une convention de partenariat sign\u00e9e entre le conseil provincial de Rehamna et le Conseil de la commune Al-Mahara pour l\u2019entretien de certaines routes situ\u00e9es dans le territoire de ladite commune, afin d\u2019am\u00e9liorer la circulation et la s\u00e9curit\u00e9 routi\u00e8res.<\/p>\n<p>Les membres du conseil ont, en outre, approuv\u00e9 l\u2019acquisition d\u2019un foncier du Groupe OCP pour la cr\u00e9ation d\u2019une d\u00e9charge publique dans la province ainsi que le prix fix\u00e9 pour l\u2019acquisition de ce foncier (550.000 DH).<\/p>\n<p>Par ailleurs, cette session a \u00e9t\u00e9 marqu\u00e9e par la pr\u00e9sentation d\u2019un rapport sur les activit\u00e9s du conseil conform\u00e9ment \u00e0 l\u2019article 104 de la loi r\u00e9glementaire 14.112 relative aux provinces et pr\u00e9fectures, ainsi que l\u2019examen et l\u2019approbation du projet de budget au titre de 2021 ainsi que le projet de programmation de l\u2019exc\u00e9dent pr\u00e9visionnel au titre de 2021.<\/p>\n<p>Cette session a \u00e9t\u00e9 aussi marqu\u00e9e par la pr\u00e9sentation d\u2019un expos\u00e9 sur la rentr\u00e9e scolaire 2020-2021, d\u2019un expos\u00e9 sur l\u2019\u00e9volution de la situation \u00e9pid\u00e9miologique, outre la pr\u00e9sentation d\u2019une s\u00e9rie de propositions concernant les besoins en formation professionnelle au niveau de la province de Rehamna.<\/p>\n<\/div>\n<p>Auteur: Meriem IGASS<br \/>\n<a href=\"http:\/\/www.mapmarrakech.ma\/fr\/approbation-de-deux-conventions-dans-les-domaines-social-et-routier\/\">Cliquez ici pour lire l&rsquo;article depuis sa source.<\/a><\/p>\n","protected":false},"excerpt":{"rendered":"<p>Benguerir (province de Rehamna) \u2013 Le Conseil provincial de Rehamna r\u00e9uni, lundi en session ordinaire, a approuv\u00e9 deux conventions relatives aux domaines social et routier. Lors de cette session tenue sous la pr\u00e9sidence de Mustapha Cherkaoui, pr\u00e9sident de cette instance \u00e9lue, et en pr\u00e9sence du gouverneur de la province, Aziz Bouignane, il a \u00e9t\u00e9 proc\u00e9d\u00e9 [&hellip;]<\/p>\n","protected":false},"author":1788,"featured_media":98867,"comment_status":"closed","ping_status":"closed","sticky":false,"template":"","format":"standard","meta":{"fifu_image_url":"","fifu_image_alt":"","footnotes":""},"categories":[54,76],"tags":[],"class_list":["post-98866","post","type-post","status-publish","format-standard","has-post-thumbnail","hentry","category-maroc","category-regions"],"_links":{"self":[{"href":"https:\/\/linitiative.ca\/International\/wp-json\/wp\/v2\/posts\/98866","targetHints":{"allow":["GET"]}}],"collection":[{"href":"https:\/\/linitiative.ca\/International\/wp-json\/wp\/v2\/posts"}],"about":[{"href":"https:\/\/linitiative.ca\/International\/wp-json\/wp\/v2\/types\/post"}],"author":[{"embeddable":true,"href":"https:\/\/linitiative.ca\/International\/wp-json\/wp\/v2\/users\/1788"}],"replies":[{"embeddable":true,"href":"https:\/\/linitiative.ca\/International\/wp-json\/wp\/v2\/comments?post=98866"}],"version-history":[{"count":0,"href":"https:\/\/linitiative.ca\/International\/wp-json\/wp\/v2\/posts\/98866\/revisions"}],"wp:featuredmedia":[{"embeddable":true,"href":"https:\/\/linitiative.ca\/International\/wp-json\/"}],"wp:attachment":[{"href":"https:\/\/linitiative.ca\/International\/wp-json\/wp\/v2\/media?parent=98866"}],"wp:term":[{"taxonomy":"category","embeddable":true,"href":"https:\/\/linitiative.ca\/International\/wp-json\/wp\/v2\/categories?post=98866"},{"taxonomy":"post_tag","embeddable":true,"href":"https:\/\/linitiative.ca\/International\/wp-json\/wp\/v2\/tags?post=98866"}],"curies":[{"name":"wp","href":"https:\/\/api.w.org\/{rel}","templated":true}]}}