{"id":98868,"date":"2020-09-15T11:39:36","date_gmt":"2020-09-15T15:39:36","guid":{"rendered":"https:\/\/linitiative.ca\/International\/rencontres-de-communication-avec-les-imams-et-predicateurs\/"},"modified":"2020-09-15T11:39:36","modified_gmt":"2020-09-15T15:39:36","slug":"rencontres-de-communication-avec-les-imams-et-predicateurs","status":"publish","type":"post","link":"https:\/\/linitiative.ca\/International\/rencontres-de-communication-avec-les-imams-et-predicateurs\/","title":{"rendered":"Rencontres de communication avec les imams et pr\u00e9dicateurs"},"content":{"rendered":"<div class=\"single-featured\"><img alt=\"\" data-src=\"http:\/\/www.mapmarrakech.ma\/map\/uploads\/2020\/09\/rencontre-essaouira-copier.jpg\"\/><\/div>\n<div class=\"single-post-excerpt post-excerpt-bc\" readability=\"35\">\n<p>Essaouira \u2013 Des rencontres de communication sont organis\u00e9es \u00e0 Essaouira par le conseil local des oul\u00e9mas avec les imams et pr\u00e9dicateurs dans la province, dans le cadre des efforts de mobilisation et de sensibilisation d\u00e9ploy\u00e9s pour la lutte contre la pand\u00e9mie de la Covid-19.<\/p>\n<\/div>\n<div class=\"entry-content clearfix single-post-content\" readability=\"67\">\n<p>Ces r\u00e9unions initi\u00e9es, lundi, par ledit conseil dans le strict respect des mesures pr\u00e9ventives en vue d\u2019endiguer la propagation du nouveau coronavirus, viennent confirmer la place de choix qu\u2019occupent les oul\u00e9mas au sein de la soci\u00e9t\u00e9 et leurs capacit\u00e9s \u00e0 aiguiser les volont\u00e9s en vue de renforcer la vigilance et la mobilisation pour combattre cette pand\u00e9mie.<\/p>\n<p>Organis\u00e9es en coordination avec la d\u00e9l\u00e9gation provinciale des affaires islamiques dans la cit\u00e9 des Aliz\u00e9s, ces rencontres s\u2019assignent pour objectifs de poursuivre la communication avec les pr\u00e9pos\u00e9s religieux, de favoriser leur encadrement et leur appui par tous les moyens possibles afin de contribuer aux efforts de lutte contre la propagation du nouveau coronavirus.<\/p>\n<p>Elles visent aussi \u00e0 veiller \u00e0 la mise en oeuvre optimale de toutes les mesures de pr\u00e9caution prises par les autorit\u00e9s publiques en vue de faire face \u00e0 la pand\u00e9mie et de contribuer aux actions susceptibles d\u2019att\u00e9nuer les incidences de cette crise sanitaire sur les citoyens.<\/p>\n<p>Elles ambitionnent \u00e9galement de soutenir toutes les initiatives d\u2019action sociale et ce, en cons\u00e9cration des valeurs imp\u00e9rissables de solidarit\u00e9 et d\u2019entraide pr\u00f4n\u00e9es par l\u2019Islam.<\/p>\n<p>A noter que ces rencontres de communication interviennent conform\u00e9ment \u00e0 la note du secr\u00e9tariat g\u00e9n\u00e9ral du Conseil sup\u00e9rieur des oul\u00e9mas au sujet du renforcement de la vigilance et de la mobilisation pour faire face \u00e0 la Covid-19, et en application des Hautes Directives de Sa Majest\u00e9 le Roi Mohammed VI, Amir Al-Mouminine, qui a appel\u00e9 dans le Discours Royal, prononc\u00e9 \u00e0 l\u2019occasion du 67\u00e8 anniversaire de la R\u00e9volution du Roi et du Peuple, toutes les forces vives de la Nation \u00e0 faire preuve de mobilisation et de vigilance et, particuli\u00e8rement, \u00e0 adh\u00e9rer unanimement aux efforts d\u00e9ploy\u00e9s \u00e0 l\u2019\u00e9chelle nationale, afin de sensibiliser la soci\u00e9t\u00e9, \u00e9veiller sa conscience et l\u2019encadrer pour relever le d\u00e9fi de la lutte contre la pand\u00e9mie.<\/p>\n<\/div>\n<p>Auteur: Meriem IGASS<br \/>\n<a href=\"http:\/\/www.mapmarrakech.ma\/fr\/rencontres-de-communication-avec-les-imams-et-predicateurs\/\">Cliquez ici pour lire l&rsquo;article depuis sa source.<\/a><\/p>\n","protected":false},"excerpt":{"rendered":"<p>Essaouira \u2013 Des rencontres de communication sont organis\u00e9es \u00e0 Essaouira par le conseil local des oul\u00e9mas avec les imams et pr\u00e9dicateurs dans la province, dans le cadre des efforts de mobilisation et de sensibilisation d\u00e9ploy\u00e9s pour la lutte contre la pand\u00e9mie de la Covid-19. Ces r\u00e9unions initi\u00e9es, lundi, par ledit conseil dans le strict respect [&hellip;]<\/p>\n","protected":false},"author":1788,"featured_media":98869,"comment_status":"closed","ping_status":"closed","sticky":false,"template":"","format":"standard","meta":{"fifu_image_url":"","fifu_image_alt":"","footnotes":""},"categories":[54,76],"tags":[],"class_list":["post-98868","post","type-post","status-publish","format-standard","has-post-thumbnail","hentry","category-maroc","category-regions"],"_links":{"self":[{"href":"https:\/\/linitiative.ca\/International\/wp-json\/wp\/v2\/posts\/98868","targetHints":{"allow":["GET"]}}],"collection":[{"href":"https:\/\/linitiative.ca\/International\/wp-json\/wp\/v2\/posts"}],"about":[{"href":"https:\/\/linitiative.ca\/International\/wp-json\/wp\/v2\/types\/post"}],"author":[{"embeddable":true,"href":"https:\/\/linitiative.ca\/International\/wp-json\/wp\/v2\/users\/1788"}],"replies":[{"embeddable":true,"href":"https:\/\/linitiative.ca\/International\/wp-json\/wp\/v2\/comments?post=98868"}],"version-history":[{"count":0,"href":"https:\/\/linitiative.ca\/International\/wp-json\/wp\/v2\/posts\/98868\/revisions"}],"wp:featuredmedia":[{"embeddable":true,"href":"https:\/\/linitiative.ca\/International\/wp-json\/"}],"wp:attachment":[{"href":"https:\/\/linitiative.ca\/International\/wp-json\/wp\/v2\/media?parent=98868"}],"wp:term":[{"taxonomy":"category","embeddable":true,"href":"https:\/\/linitiative.ca\/International\/wp-json\/wp\/v2\/categories?post=98868"},{"taxonomy":"post_tag","embeddable":true,"href":"https:\/\/linitiative.ca\/International\/wp-json\/wp\/v2\/tags?post=98868"}],"curies":[{"name":"wp","href":"https:\/\/api.w.org\/{rel}","templated":true}]}}