{"id":98874,"date":"2020-09-14T18:27:23","date_gmt":"2020-09-14T22:27:23","guid":{"rendered":"https:\/\/linitiative.ca\/International\/interpellation-dun-individu-soupconne-de-trafic-de-drogue\/"},"modified":"2020-09-14T18:27:23","modified_gmt":"2020-09-14T22:27:23","slug":"interpellation-dun-individu-soupconne-de-trafic-de-drogue","status":"publish","type":"post","link":"https:\/\/linitiative.ca\/International\/interpellation-dun-individu-soupconne-de-trafic-de-drogue\/","title":{"rendered":"Interpellation d\u2019un individu soup\u00e7onn\u00e9 de trafic de drogue"},"content":{"rendered":"<div class=\"single-featured\"><img alt=\"\" data-src=\"http:\/\/www.mapoujda.ma\/map\/uploads\/2019\/08\/Arrestation-dun-individu-M750&#xD7;430.jpg\"\/><\/div>\n<div class=\"entry-content clearfix single-post-content\" readability=\"61\">\n<p class=\"c4\">Les \u00e9l\u00e9ments de la s\u00fbret\u00e9 publique du district provincial de s\u00fbret\u00e9 de Nador sont parvenus, lundi, \u00e0 interpeller un individu \u00e2g\u00e9 de 22 ans aux ant\u00e9c\u00e9dents judiciaires, soup\u00e7onn\u00e9 d\u2019implication dans une affaire de possession et trafic de drogue et psychotropes et de menace \u00e0 l\u2019aide d\u2019une arme blanche.<\/p>\n<p class=\"c4\">Dans un communiqu\u00e9, la Direction g\u00e9n\u00e9rale de la s\u00fbret\u00e9 nationale (DGSN) indique que le suspect a \u00e9t\u00e9 interpell\u00e9 \u00e0 la suite d\u2019une plainte re\u00e7ue par les services de police de Nador de la part de deux victimes accusant le suspect de les avoir menac\u00e9es \u00e0 l\u2019aide d\u2019une arme blanche apr\u00e8s un diff\u00e9rend entre eux en raison du mauvais voisinage au quartier \u00ab\u00a0Taouima\u00a0\u00bb \u00e0 Nador.<\/p>\n<p class=\"c4\">L\u2019op\u00e9ration de perquisition effectu\u00e9e dans le domicile du suspect a abouti \u00e0 la saisie d\u2019un fusil de chasse, de 32 cartouches, de neuf armes blanches, d\u2019une quantit\u00e9 de comprim\u00e9s psychotropes de type \u00ab\u00a0ecstasy\u00a0\u00bb, d\u2019une cagoule et d\u2019une perruque, en plus de onze t\u00e9l\u00e9phones portables et d\u2019une somme d\u2019argent soup\u00e7onn\u00e9e d\u2019\u00eatre le butin de cette activit\u00e9 criminelle, ajoute la communiqu\u00e9.<\/p>\n<p class=\"c4\">Le suspect a \u00e9t\u00e9 plac\u00e9 en garde \u00e0 vue \u00e0 la disposition de l\u2019enqu\u00eate pr\u00e9liminaire men\u00e9e sous la supervision du parquet comp\u00e9tent, afin de d\u00e9terminer tous les tenants et aboutissants de cette affaire, conclut la DGSN.<\/p>\n<\/div>\n<p>Auteur: Soufiane ELAHMAR<br \/>\n<a href=\"http:\/\/www.mapoujda.ma\/fr\/interpellation-dun-individu-soupconne-de-trafic-de-drogue\/\">Cliquez ici pour lire l&rsquo;article depuis sa source.<\/a><\/p>\n","protected":false},"excerpt":{"rendered":"<p>Les \u00e9l\u00e9ments de la s\u00fbret\u00e9 publique du district provincial de s\u00fbret\u00e9 de Nador sont parvenus, lundi, \u00e0 interpeller un individu \u00e2g\u00e9 de 22 ans aux ant\u00e9c\u00e9dents judiciaires, soup\u00e7onn\u00e9 d\u2019implication dans une affaire de possession et trafic de drogue et psychotropes et de menace \u00e0 l\u2019aide d\u2019une arme blanche. Dans un communiqu\u00e9, la Direction g\u00e9n\u00e9rale de [&hellip;]<\/p>\n","protected":false},"author":1788,"featured_media":98875,"comment_status":"closed","ping_status":"closed","sticky":false,"template":"","format":"standard","meta":{"fifu_image_url":"","fifu_image_alt":"","footnotes":""},"categories":[54,76],"tags":[],"class_list":["post-98874","post","type-post","status-publish","format-standard","has-post-thumbnail","hentry","category-maroc","category-regions"],"_links":{"self":[{"href":"https:\/\/linitiative.ca\/International\/wp-json\/wp\/v2\/posts\/98874","targetHints":{"allow":["GET"]}}],"collection":[{"href":"https:\/\/linitiative.ca\/International\/wp-json\/wp\/v2\/posts"}],"about":[{"href":"https:\/\/linitiative.ca\/International\/wp-json\/wp\/v2\/types\/post"}],"author":[{"embeddable":true,"href":"https:\/\/linitiative.ca\/International\/wp-json\/wp\/v2\/users\/1788"}],"replies":[{"embeddable":true,"href":"https:\/\/linitiative.ca\/International\/wp-json\/wp\/v2\/comments?post=98874"}],"version-history":[{"count":0,"href":"https:\/\/linitiative.ca\/International\/wp-json\/wp\/v2\/posts\/98874\/revisions"}],"wp:featuredmedia":[{"embeddable":true,"href":"https:\/\/linitiative.ca\/International\/wp-json\/"}],"wp:attachment":[{"href":"https:\/\/linitiative.ca\/International\/wp-json\/wp\/v2\/media?parent=98874"}],"wp:term":[{"taxonomy":"category","embeddable":true,"href":"https:\/\/linitiative.ca\/International\/wp-json\/wp\/v2\/categories?post=98874"},{"taxonomy":"post_tag","embeddable":true,"href":"https:\/\/linitiative.ca\/International\/wp-json\/wp\/v2\/tags?post=98874"}],"curies":[{"name":"wp","href":"https:\/\/api.w.org\/{rel}","templated":true}]}}