{"id":98876,"date":"2020-09-15T12:55:52","date_gmt":"2020-09-15T16:55:52","guid":{"rendered":"https:\/\/linitiative.ca\/International\/onu-mohammed-amarti-elu-au-comite-des-droits-economiques-sociaux-et-culturels\/"},"modified":"2020-09-15T12:55:52","modified_gmt":"2020-09-15T16:55:52","slug":"onu-mohammed-amarti-elu-au-comite-des-droits-economiques-sociaux-et-culturels","status":"publish","type":"post","link":"https:\/\/linitiative.ca\/International\/onu-mohammed-amarti-elu-au-comite-des-droits-economiques-sociaux-et-culturels\/","title":{"rendered":"ONU: Mohammed Amarti \u00e9lu au comit\u00e9 des droits \u00e9conomiques, sociaux et culturels"},"content":{"rendered":"<div readability=\"36\">\n<p>Lors des \u00e9lections tenues lundi \u00e0 New York, le candidat du Royaume du Maroc, le Professeur Mohammed Amarti a \u00e9t\u00e9 \u00e9lu en tant qu\u2019expert ind\u00e9pendant membre du Comit\u00e9 des Droits Economiques Sociaux et Culturel en remportant 37 voix sur les 54 votantes.<\/p>\n<\/div>\n<div readability=\"78\">\n<p class=\"c4\">Trois candidats \u00e9taient en lice pour les deux si\u00e8ges vacants r\u00e9serv\u00e9s \u00e0 l\u2019Afrique, \u00e0 savoir le Maroc, l\u2019Egypte et l\u2019Afrique du Sud. A c\u00f4t\u00e9 du Pr. Amarti, le 2\u00e8me si\u00e8ge africain revient \u00e0 l\u2019Egypte, indique un communiqu\u00e9 du minist\u00e8re des Affaires \u00e9trang\u00e8res, de la Coop\u00e9ration africaine et des Marocains r\u00e9sidant \u00e0 l\u2019\u00e9tranger, pr\u00e9cisant que le Professeur Amarti si\u00e8gera pour un mandat de quatre ans qui d\u00e9butera le 1er janvier 2021.<\/p>\n<p class=\"c4\">Pr\u00e9sident de la Commission r\u00e9gionale des Droits de l\u2019Homme d\u2019Oujda-Figuig et Professeur universitaire et chercheur dans en Droit international, M. Amarti est un expert des Droits de l\u2019Homme et du droit humanitaire, domaines dans lesquels il s\u2019active depuis de nombreuses ann\u00e9es, fait savoir le communiqu\u00e9.<\/p>\n<p class=\"c4\">Il note que cette \u00e9ni\u00e8me brillante \u00e9lection d\u2019un expert marocain repr\u00e9sente une nouvelle marque de confiance de la communaut\u00e9 internationale envers le Royaume et envers les comp\u00e9tences et l\u2019expertise marocaines. Elle t\u00e9moigne \u00e9galement de l\u2019image positive et de la cr\u00e9dibilit\u00e9 dont jouit le Maroc sur la sc\u00e8ne internationale, fruits de la strat\u00e9gie globale et multidimensionnelle mise en place sous la conduite \u00e9clair\u00e9e de Sa Majest\u00e9 le Roi Mohammed VI, Que Dieu l\u2019Assiste, en faveur des droits de l\u2019Homme dans leur int\u00e9gralit\u00e9 et en faveur de la confortation de la nouvelle g\u00e9n\u00e9ration des droits, \u00e0 savoir les droits \u00e9conomiques, sociaux et culturels et \u00e9galement environnementaux.<\/p>\n<p class=\"c4\">Une forte campagne diplomatique de promotion a permis un aboutissement brillant de cette candidature consacrant ainsi la strat\u00e9gie du Royaume visant la consolidation de la pr\u00e9sence marocaine au sein des organisations internationales et des organes des Nations Unies, se r\u00e9jouit le minist\u00e8re.<\/p>\n<p class=\"c4\">A travers cette \u00e9lection, un expert du Maroc si\u00e8gera pour la premi\u00e8re fois au comit\u00e9 onusien des droits \u00e9conomiques et sociaux et culturels, un organe compos\u00e9 de 18 experts qui ont des comp\u00e9tences reconnues dans le domaine des Droits de l\u2019homme.<\/p>\n<p class=\"c4\">Cr\u00e9\u00e9 en 1985, le Comit\u00e9 a pour mission d\u2019assurer la supervision de l\u2019application du Pacte international relatif aux droits \u00e9conomiques, sociaux et culturels par les \u00c9tats parties, ainsi que l\u2019examen des rapports p\u00e9riodiques pr\u00e9sent\u00e9s par les Etats sur la mise en \u0153uvre des droits consacr\u00e9s par le Pacte.<\/p>\n<\/div>\n<p>Auteur: Soufiane ELAHMAR<br \/>\n<a href=\"http:\/\/www.mapoujda.ma\/fr\/onu-mohammed-amarti-elu-au-comite-des-droits-economiques-sociaux-et-culturels\/\">Cliquez ici pour lire l&rsquo;article depuis sa source.<\/a><\/p>\n","protected":false},"excerpt":{"rendered":"<p>Lors des \u00e9lections tenues lundi \u00e0 New York, le candidat du Royaume du Maroc, le Professeur Mohammed Amarti a \u00e9t\u00e9 \u00e9lu en tant qu\u2019expert ind\u00e9pendant membre du Comit\u00e9 des Droits Economiques Sociaux et Culturel en remportant 37 voix sur les 54 votantes. Trois candidats \u00e9taient en lice pour les deux si\u00e8ges vacants r\u00e9serv\u00e9s \u00e0 l\u2019Afrique, [&hellip;]<\/p>\n","protected":false},"author":1788,"featured_media":0,"comment_status":"closed","ping_status":"closed","sticky":false,"template":"","format":"standard","meta":{"fifu_image_url":"","fifu_image_alt":"","footnotes":""},"categories":[54,76],"tags":[],"class_list":["post-98876","post","type-post","status-publish","format-standard","hentry","category-maroc","category-regions"],"_links":{"self":[{"href":"https:\/\/linitiative.ca\/International\/wp-json\/wp\/v2\/posts\/98876","targetHints":{"allow":["GET"]}}],"collection":[{"href":"https:\/\/linitiative.ca\/International\/wp-json\/wp\/v2\/posts"}],"about":[{"href":"https:\/\/linitiative.ca\/International\/wp-json\/wp\/v2\/types\/post"}],"author":[{"embeddable":true,"href":"https:\/\/linitiative.ca\/International\/wp-json\/wp\/v2\/users\/1788"}],"replies":[{"embeddable":true,"href":"https:\/\/linitiative.ca\/International\/wp-json\/wp\/v2\/comments?post=98876"}],"version-history":[{"count":0,"href":"https:\/\/linitiative.ca\/International\/wp-json\/wp\/v2\/posts\/98876\/revisions"}],"wp:attachment":[{"href":"https:\/\/linitiative.ca\/International\/wp-json\/wp\/v2\/media?parent=98876"}],"wp:term":[{"taxonomy":"category","embeddable":true,"href":"https:\/\/linitiative.ca\/International\/wp-json\/wp\/v2\/categories?post=98876"},{"taxonomy":"post_tag","embeddable":true,"href":"https:\/\/linitiative.ca\/International\/wp-json\/wp\/v2\/tags?post=98876"}],"curies":[{"name":"wp","href":"https:\/\/api.w.org\/{rel}","templated":true}]}}