{"id":98879,"date":"2020-09-15T15:13:15","date_gmt":"2020-09-15T19:13:15","guid":{"rendered":"https:\/\/linitiative.ca\/International\/international-chelsea-lampard-affiche-son-soutien-a-kepa\/"},"modified":"2020-09-15T15:13:15","modified_gmt":"2020-09-15T19:13:15","slug":"international-chelsea-lampard-affiche-son-soutien-a-kepa","status":"publish","type":"post","link":"https:\/\/linitiative.ca\/International\/international-chelsea-lampard-affiche-son-soutien-a-kepa\/","title":{"rendered":"International : Chelsea : Lampard affiche son soutien \u00e0 Kepa"},"content":{"rendered":"<div readability=\"32\">\n<p>Auteur : <span class=\"time\">mardi 15 septembre 2020 14:30<\/span><\/p>\n<\/div>\n<div id=\"post_core\" readability=\"46\">\n<p>\u00c0 tel point que Willy Caballero l&rsquo;avait devanc\u00e9 dans la hi\u00e9rarchie en fin de saison derni\u00e8re. Mais Frank Lampard semble vouloir repartir d&rsquo;une feuille blanche cette ann\u00e9e en offrant sa chance de briller au portier de 25 ans. Pour preuve, il \u00e9tait titulaire contre Brighton pour l&rsquo;ouverture de la saison de Premier League.<\/p>\n<p>Une victoire 3 buts \u00e0 1 des Blues et une performance correcte de la part de l&rsquo;Espagnol. \u00c0 la fin de la rencontre, son entra\u00eeneur a affich\u00e9 son soutien :\u00a0\u00ab je suis tr\u00e8s content avec Kepa. Sur le but qu&rsquo;il prend, je ne suis pas s\u00fbr qu&rsquo;il aurait pu faire mieux mais j&rsquo;ai vu un peu plus de confiance dans la fa\u00e7on dont il jouait. Kepa est l\u00e0, il est notre gardien et je suis content de lui \u00bb. Des propos rapport\u00e9s par Footmercato.<\/p>\n<p><strong>Publi\u00e9 dans :<\/strong> <span>Kepa<\/span> <span>Chelsea : Frank Lampard<\/span><\/p>\n<\/div>\n<p>Auteur:<br \/>\n<a href=\"http:\/\/www.lebuteur.com\/article\/detail?titre=chelsea-lampard-affiche-son-soutien-a-kepa&#038;id=97260&#038;utm_source=feedburner&#038;utm_medium=feed&#038;utm_campaign=Feed%3A+GalerieFArtciles+%28Les+derniers+articles++-+lebuteur.com%29\">Cliquez ici pour lire l&rsquo;article depuis sa source.<\/a><\/p>\n","protected":false},"excerpt":{"rendered":"<p>Auteur : mardi 15 septembre 2020 14:30 \u00c0 tel point que Willy Caballero l&rsquo;avait devanc\u00e9 dans la hi\u00e9rarchie en fin de saison derni\u00e8re. Mais Frank Lampard semble vouloir repartir d&rsquo;une feuille blanche cette ann\u00e9e en offrant sa chance de briller au portier de 25 ans. Pour preuve, il \u00e9tait titulaire contre Brighton pour l&rsquo;ouverture de [&hellip;]<\/p>\n","protected":false},"author":1738,"featured_media":98880,"comment_status":"closed","ping_status":"closed","sticky":false,"template":"","format":"standard","meta":{"fifu_image_url":"","fifu_image_alt":"","footnotes":""},"categories":[53,75],"tags":[],"class_list":["post-98879","post","type-post","status-publish","format-standard","has-post-thumbnail","hentry","category-algerie","category-sport"],"_links":{"self":[{"href":"https:\/\/linitiative.ca\/International\/wp-json\/wp\/v2\/posts\/98879","targetHints":{"allow":["GET"]}}],"collection":[{"href":"https:\/\/linitiative.ca\/International\/wp-json\/wp\/v2\/posts"}],"about":[{"href":"https:\/\/linitiative.ca\/International\/wp-json\/wp\/v2\/types\/post"}],"author":[{"embeddable":true,"href":"https:\/\/linitiative.ca\/International\/wp-json\/wp\/v2\/users\/1738"}],"replies":[{"embeddable":true,"href":"https:\/\/linitiative.ca\/International\/wp-json\/wp\/v2\/comments?post=98879"}],"version-history":[{"count":0,"href":"https:\/\/linitiative.ca\/International\/wp-json\/wp\/v2\/posts\/98879\/revisions"}],"wp:featuredmedia":[{"embeddable":true,"href":"https:\/\/linitiative.ca\/International\/wp-json\/"}],"wp:attachment":[{"href":"https:\/\/linitiative.ca\/International\/wp-json\/wp\/v2\/media?parent=98879"}],"wp:term":[{"taxonomy":"category","embeddable":true,"href":"https:\/\/linitiative.ca\/International\/wp-json\/wp\/v2\/categories?post=98879"},{"taxonomy":"post_tag","embeddable":true,"href":"https:\/\/linitiative.ca\/International\/wp-json\/wp\/v2\/tags?post=98879"}],"curies":[{"name":"wp","href":"https:\/\/api.w.org\/{rel}","templated":true}]}}