{"id":98881,"date":"2020-09-15T15:13:18","date_gmt":"2020-09-15T19:13:18","guid":{"rendered":"https:\/\/linitiative.ca\/International\/international-le-real-madrid-va-soffrir-une-pepite-de-villarreal\/"},"modified":"2020-09-15T15:13:18","modified_gmt":"2020-09-15T19:13:18","slug":"international-le-real-madrid-va-soffrir-une-pepite-de-villarreal","status":"publish","type":"post","link":"https:\/\/linitiative.ca\/International\/international-le-real-madrid-va-soffrir-une-pepite-de-villarreal\/","title":{"rendered":"International : Le Real Madrid va s&rsquo;offrir une p\u00e9pite de Villarreal"},"content":{"rendered":"<div readability=\"32\">\n<p>Auteur : <span class=\"time\">mardi 15 septembre 2020 15:00<\/span><\/p>\n<\/div>\n<div id=\"post_core\" readability=\"44\">\n<p>De mani\u00e8re moins comparable, la Casa Blanca va une nouvelle fois tenter un pari sur l&rsquo;avenir en arrachant un jeune joueur au centre de formation de Villarreal : Adam Arvelo.\u00a0AS et Footmercato estiment m\u00eame que son arriv\u00e9e serait d\u00e9j\u00e0 conclue.<\/p>\n<p>En concurrence avec le Bar\u00e7a et deux clubs anglais, les Merengues vont remporter la course pour le joueur de 15 ans. D\u00e9crit comme l&rsquo;un des joyaux du sous-marin jaune, l&rsquo;adolescent a montr\u00e9 des qualit\u00e9s techniques et de vitesse en plus d&rsquo;une bonne frappe de balle lors de ses rencontres disput\u00e9es avec le centre de formation.<\/p>\n<p><strong>Publi\u00e9 dans :<\/strong> <span>real madrid<\/span> <span>villarreal<\/span><\/p>\n<\/div>\n<p>Auteur:<br \/>\n<a href=\"http:\/\/www.lebuteur.com\/article\/detail?titre=le-real-madrid-va-soffrir-une-pepite-de-villarreal&#038;id=97262&#038;utm_source=feedburner&#038;utm_medium=feed&#038;utm_campaign=Feed%3A+GalerieFArtciles+%28Les+derniers+articles++-+lebuteur.com%29\">Cliquez ici pour lire l&rsquo;article depuis sa source.<\/a><\/p>\n","protected":false},"excerpt":{"rendered":"<p>Auteur : mardi 15 septembre 2020 15:00 De mani\u00e8re moins comparable, la Casa Blanca va une nouvelle fois tenter un pari sur l&rsquo;avenir en arrachant un jeune joueur au centre de formation de Villarreal : Adam Arvelo.\u00a0AS et Footmercato estiment m\u00eame que son arriv\u00e9e serait d\u00e9j\u00e0 conclue. En concurrence avec le Bar\u00e7a et deux clubs [&hellip;]<\/p>\n","protected":false},"author":1738,"featured_media":98882,"comment_status":"closed","ping_status":"closed","sticky":false,"template":"","format":"standard","meta":{"fifu_image_url":"","fifu_image_alt":"","footnotes":""},"categories":[53,75],"tags":[],"class_list":["post-98881","post","type-post","status-publish","format-standard","has-post-thumbnail","hentry","category-algerie","category-sport"],"_links":{"self":[{"href":"https:\/\/linitiative.ca\/International\/wp-json\/wp\/v2\/posts\/98881","targetHints":{"allow":["GET"]}}],"collection":[{"href":"https:\/\/linitiative.ca\/International\/wp-json\/wp\/v2\/posts"}],"about":[{"href":"https:\/\/linitiative.ca\/International\/wp-json\/wp\/v2\/types\/post"}],"author":[{"embeddable":true,"href":"https:\/\/linitiative.ca\/International\/wp-json\/wp\/v2\/users\/1738"}],"replies":[{"embeddable":true,"href":"https:\/\/linitiative.ca\/International\/wp-json\/wp\/v2\/comments?post=98881"}],"version-history":[{"count":0,"href":"https:\/\/linitiative.ca\/International\/wp-json\/wp\/v2\/posts\/98881\/revisions"}],"wp:featuredmedia":[{"embeddable":true,"href":"https:\/\/linitiative.ca\/International\/wp-json\/"}],"wp:attachment":[{"href":"https:\/\/linitiative.ca\/International\/wp-json\/wp\/v2\/media?parent=98881"}],"wp:term":[{"taxonomy":"category","embeddable":true,"href":"https:\/\/linitiative.ca\/International\/wp-json\/wp\/v2\/categories?post=98881"},{"taxonomy":"post_tag","embeddable":true,"href":"https:\/\/linitiative.ca\/International\/wp-json\/wp\/v2\/tags?post=98881"}],"curies":[{"name":"wp","href":"https:\/\/api.w.org\/{rel}","templated":true}]}}