{"id":98883,"date":"2020-09-15T15:13:20","date_gmt":"2020-09-15T19:13:20","guid":{"rendered":"https:\/\/linitiative.ca\/International\/international-real-madrid-la-nouvelle-performance-historique-de-benzema\/"},"modified":"2020-09-15T15:13:20","modified_gmt":"2020-09-15T19:13:20","slug":"international-real-madrid-la-nouvelle-performance-historique-de-benzema","status":"publish","type":"post","link":"https:\/\/linitiative.ca\/International\/international-real-madrid-la-nouvelle-performance-historique-de-benzema\/","title":{"rendered":"International : Real Madrid: la nouvelle performance historique de Benzema"},"content":{"rendered":"<div readability=\"32\">\n<p>Auteur : <span class=\"time\">mardi 15 septembre 2020 18:28<\/span><\/p>\n<\/div>\n<div id=\"post_core\" readability=\"43\">\n<p>Apr\u00e8s une saison 2019\/2020 o\u00f9 il a \u00e9t\u00e9 l&rsquo;un des grands artisans du titre du Real Madrid (27 buts, 11 passes d\u00e9cisives), Karim Benzema semble continuer sur sa lanc\u00e9e pour la pr\u00e9-saison des Merengue. Les hommes de Zin\u00e9dine Zidane ont affront\u00e9 cet apr\u00e8s-midi Getafe en match amical, r\u00e9ussissant \u00e0 s&rsquo;imposer sur le score de 6-0. Parmi les buteurs, Karim Benzema a \u00e9t\u00e9 auteur d&rsquo;un quadrupl\u00e9, qui n&rsquo;est donc pas sans rappeler une statistique impressionnante \u00e0 son sujet. Si l&rsquo;ancien lyonnais n&rsquo;a jamais trouv\u00e9 \u00e0 quatre reprise le chemin des filets lors d&rsquo;un match officiel avec le Real, il a tout de m\u00eame inscrit cinq tripl\u00e9s avec les Merengue, en Liga, en Coupe du Roi et Ligue des Champions. Sa performance du jour est donc quelque peu historique rapporte OnzeMondial.com.<\/p>\n<p><strong>Publi\u00e9 dans :<\/strong> <span>benzema<\/span><\/p>\n<\/div>\n<p>Auteur:<br \/>\n<a href=\"http:\/\/www.lebuteur.com\/article\/detail?titre=real-madrid-la-nouvelle-performance-historique-de-benzema&#038;id=97266&#038;utm_source=feedburner&#038;utm_medium=feed&#038;utm_campaign=Feed%3A+GalerieFArtciles+%28Les+derniers+articles++-+lebuteur.com%29\">Cliquez ici pour lire l&rsquo;article depuis sa source.<\/a><\/p>\n","protected":false},"excerpt":{"rendered":"<p>Auteur : mardi 15 septembre 2020 18:28 Apr\u00e8s une saison 2019\/2020 o\u00f9 il a \u00e9t\u00e9 l&rsquo;un des grands artisans du titre du Real Madrid (27 buts, 11 passes d\u00e9cisives), Karim Benzema semble continuer sur sa lanc\u00e9e pour la pr\u00e9-saison des Merengue. Les hommes de Zin\u00e9dine Zidane ont affront\u00e9 cet apr\u00e8s-midi Getafe en match amical, r\u00e9ussissant [&hellip;]<\/p>\n","protected":false},"author":1738,"featured_media":98884,"comment_status":"closed","ping_status":"closed","sticky":false,"template":"","format":"standard","meta":{"fifu_image_url":"","fifu_image_alt":"","footnotes":""},"categories":[53,75],"tags":[],"class_list":["post-98883","post","type-post","status-publish","format-standard","has-post-thumbnail","hentry","category-algerie","category-sport"],"_links":{"self":[{"href":"https:\/\/linitiative.ca\/International\/wp-json\/wp\/v2\/posts\/98883","targetHints":{"allow":["GET"]}}],"collection":[{"href":"https:\/\/linitiative.ca\/International\/wp-json\/wp\/v2\/posts"}],"about":[{"href":"https:\/\/linitiative.ca\/International\/wp-json\/wp\/v2\/types\/post"}],"author":[{"embeddable":true,"href":"https:\/\/linitiative.ca\/International\/wp-json\/wp\/v2\/users\/1738"}],"replies":[{"embeddable":true,"href":"https:\/\/linitiative.ca\/International\/wp-json\/wp\/v2\/comments?post=98883"}],"version-history":[{"count":0,"href":"https:\/\/linitiative.ca\/International\/wp-json\/wp\/v2\/posts\/98883\/revisions"}],"wp:featuredmedia":[{"embeddable":true,"href":"https:\/\/linitiative.ca\/International\/wp-json\/"}],"wp:attachment":[{"href":"https:\/\/linitiative.ca\/International\/wp-json\/wp\/v2\/media?parent=98883"}],"wp:term":[{"taxonomy":"category","embeddable":true,"href":"https:\/\/linitiative.ca\/International\/wp-json\/wp\/v2\/categories?post=98883"},{"taxonomy":"post_tag","embeddable":true,"href":"https:\/\/linitiative.ca\/International\/wp-json\/wp\/v2\/tags?post=98883"}],"curies":[{"name":"wp","href":"https:\/\/api.w.org\/{rel}","templated":true}]}}