{"id":98889,"date":"2020-09-14T20:00:00","date_gmt":"2020-09-15T00:00:00","guid":{"rendered":"https:\/\/linitiative.ca\/International\/ecole-superieure-de-la-gendarmerie-nationale-de-zeralda-le-general-gouasmia-installe-le-colonel-derrani-au-poste-de-commandant\/"},"modified":"2020-09-14T20:00:00","modified_gmt":"2020-09-15T00:00:00","slug":"ecole-superieure-de-la-gendarmerie-nationale-de-zeralda-le-general-gouasmia-installe-le-colonel-derrani-au-poste-de-commandant","status":"publish","type":"post","link":"https:\/\/linitiative.ca\/International\/ecole-superieure-de-la-gendarmerie-nationale-de-zeralda-le-general-gouasmia-installe-le-colonel-derrani-au-poste-de-commandant\/","title":{"rendered":"\u00c9cole sup\u00e9rieure de la Gendarmerie nationale de Z\u00e9ralda : Le G\u00e9n\u00e9ral Gouasmia installe le colonel Derrani au poste de Commandant"},"content":{"rendered":"<p>Le g\u00e9n\u00e9ral Noureddine Gouasmia, Commandant de la Gendarmerie nationale, a supervis\u00e9 hier la c\u00e9r\u00e9monie d&rsquo;installation du colonel Mohamed Derrani, en qualit\u00e9 de commandant de l&rsquo;\u00e9cole sup\u00e9rieure de la Gendarmerie nationale (ESGN) \u00e0 Z\u00e9ralda, en remplacement au colonel Haoues Bedjaoui, a indiqu\u00e9 le Commandement dans un communiqu\u00e9.<br \/>Tenue au si\u00e8ge de l&rsquo;\u00e9cole sup\u00e9rieure de la GN, en pr\u00e9sence des autorit\u00e9s militaires, la c\u00e9r\u00e9monie d&rsquo;installation a \u00e9t\u00e9 l&rsquo;occasion pour le g\u00e9n\u00e9ral Gouasmia d&rsquo;afficher \u00abune pleine disponibilit\u00e9\u00bb \u00e0 offrir tout appui et soutien au nouveau commandant, invitant les membres de l&rsquo;Ecole \u00e0 l&rsquo;assister dans ses missions en toute honn\u00eatet\u00e9 et loyaut\u00e9.<br \/>Le g\u00e9n\u00e9ral Gouasmia a donn\u00e9 des instructions et des orientations \u00e0 l&rsquo;adresse des cadres de l&rsquo;ESGN, les exhortant \u00e0 \u00abredoubler d&rsquo;efforts afin de promouvoir toutes les sp\u00e9cialit\u00e9s de la formation\u00bb, et mettant l&rsquo;accent sur \u00abl&rsquo;importance de ce volet dans la pr\u00e9paration des potentiels humains comp\u00e9tents et capables de relever les d\u00e9fis de l&rsquo;action sur le terrain\u00bb, dans le \u00abstrict respect\u00bb des lois et r\u00e8glements, et en veillant \u00e0 faire montre de nobles valeurs nationales et d&rsquo;une d\u00e9ontologie exemplaire.<\/p>\n<p>Auteur: elmoudjahid<br \/>\n<a href=\"http:\/\/www.elmoudjahid.com\/fr\/actualites\/159558\">Cliquez ici pour lire l&rsquo;article depuis sa source.<\/a><\/p>\n","protected":false},"excerpt":{"rendered":"<p>Le g\u00e9n\u00e9ral Noureddine Gouasmia, Commandant de la Gendarmerie nationale, a supervis\u00e9 hier la c\u00e9r\u00e9monie d&rsquo;installation du colonel Mohamed Derrani, en qualit\u00e9 de commandant de l&rsquo;\u00e9cole sup\u00e9rieure de la Gendarmerie nationale (ESGN) \u00e0 Z\u00e9ralda, en remplacement au colonel Haoues Bedjaoui, a indiqu\u00e9 le Commandement dans un communiqu\u00e9.Tenue au si\u00e8ge de l&rsquo;\u00e9cole sup\u00e9rieure de la GN, en [&hellip;]<\/p>\n","protected":false},"author":1744,"featured_media":0,"comment_status":"closed","ping_status":"closed","sticky":false,"template":"","format":"standard","meta":{"fifu_image_url":"","fifu_image_alt":"","footnotes":""},"categories":[73,53],"tags":[],"class_list":["post-98889","post","type-post","status-publish","format-standard","hentry","category-actualite","category-algerie"],"_links":{"self":[{"href":"https:\/\/linitiative.ca\/International\/wp-json\/wp\/v2\/posts\/98889","targetHints":{"allow":["GET"]}}],"collection":[{"href":"https:\/\/linitiative.ca\/International\/wp-json\/wp\/v2\/posts"}],"about":[{"href":"https:\/\/linitiative.ca\/International\/wp-json\/wp\/v2\/types\/post"}],"author":[{"embeddable":true,"href":"https:\/\/linitiative.ca\/International\/wp-json\/wp\/v2\/users\/1744"}],"replies":[{"embeddable":true,"href":"https:\/\/linitiative.ca\/International\/wp-json\/wp\/v2\/comments?post=98889"}],"version-history":[{"count":0,"href":"https:\/\/linitiative.ca\/International\/wp-json\/wp\/v2\/posts\/98889\/revisions"}],"wp:attachment":[{"href":"https:\/\/linitiative.ca\/International\/wp-json\/wp\/v2\/media?parent=98889"}],"wp:term":[{"taxonomy":"category","embeddable":true,"href":"https:\/\/linitiative.ca\/International\/wp-json\/wp\/v2\/categories?post=98889"},{"taxonomy":"post_tag","embeddable":true,"href":"https:\/\/linitiative.ca\/International\/wp-json\/wp\/v2\/tags?post=98889"}],"curies":[{"name":"wp","href":"https:\/\/api.w.org\/{rel}","templated":true}]}}