{"id":98890,"date":"2020-09-14T20:00:00","date_gmt":"2020-09-15T00:00:00","guid":{"rendered":"https:\/\/linitiative.ca\/International\/sahara-occidental-bachelet-veut-depecher-une-nouvelle-mission-dans-le-territoire\/"},"modified":"2020-09-14T20:00:00","modified_gmt":"2020-09-15T00:00:00","slug":"sahara-occidental-bachelet-veut-depecher-une-nouvelle-mission-dans-le-territoire","status":"publish","type":"post","link":"https:\/\/linitiative.ca\/International\/sahara-occidental-bachelet-veut-depecher-une-nouvelle-mission-dans-le-territoire\/","title":{"rendered":"Sahara Occidental : Bachelet veut d\u00e9p\u00eacher une nouvelle mission dans le territoire"},"content":{"rendered":"<p>La Haute-Commissaire de l&rsquo;ONU aux droits de l&rsquo;homme, Michelle Bachelet, a indiqu\u00e9 hier \u00e0 Gen\u00e8ve qu&rsquo;elle avait \u00ab h\u00e2te de discuter\u00bb des param\u00e8tres d&rsquo;une nouvelle mission technique au Sahara occidental pour \u00abidentifier les probl\u00e8mes critiques des droits de l&rsquo;homme\u00bb dans ce territoire non autonome. \u00abCes missions sont vitales pour identifier les probl\u00e8mes critiques des droits de l&rsquo;homme\u00bb, et contribuent \u00e0 \u00abemp\u00eacher l&rsquo;escalade des plaintes\u00bb, au Sahara occidental occup\u00e9, a d\u00e9clar\u00e9 la cheffe des droits de l\u2019homme de l\u2019ONU \u00e0 l\u2019ouverture de la 45e session du CDH \u00e0 Gen\u00e8ve. \u00abJ&rsquo;ai h\u00e2te de discuter des param\u00e8tres d&rsquo;une nouvelle visite avec toutes les parties dans un proche avenir\u00bb, a-t-elle dit lorsqu&rsquo;elle a \u00e9voqu\u00e9 la situation critique des droits de l&rsquo;homme dans les territoires occup\u00e9s. \u00abNous continuons \u00e9galement de suivre \u00e0 distance la situation au Sahara occidental, o\u00f9 nous avons men\u00e9 des missions techniques pour la derni\u00e8re fois il y a cinq ans\u00bb, a encha\u00een\u00e9 Michelle Bachelet, soulignant que les missions techniques du Conseil des droits de l&rsquo;homme de l&rsquo;ONU (CDH) \u00absont vitales\u00bb au Sahara occidental occup\u00e9. L&rsquo;Alg\u00e9rie, tout comme le groupe de soutien de Gen\u00e8ve, ont derni\u00e8rement multipli\u00e9 les appels \u00e0 l&rsquo;adresse du CDH en vue de l&rsquo;envoi d&rsquo;une mission technique au Sahara occidental. En juillet, la d\u00e9l\u00e9gation alg\u00e9rienne aupr\u00e8s de l&rsquo;Office des Nations Unies \u00e0 Gen\u00e8ve a demand\u00e9 la reprise de ces visites, rappelant qu\u2019aucune mission technique n\u2019y a \u00e9t\u00e9 entreprise depuis 2015. \u00abNous sollicitons le HCDH \u00e0 reprendre ces missions et \u00e0 \u00e9tablir un programme d&rsquo;assistance technique et de renforcement des capacit\u00e9s des institutions sahraouies\u00bb, avait, alors, d\u00e9clar\u00e9 Mehdi Litim, charg\u00e9 d\u2019affaires aupr\u00e8s de la mission alg\u00e9rienne \u00e0 Gen\u00e8ve avant d&rsquo;inviter la cheffe des droits de l\u2019homme de l\u2019ONU, \u00e0 d\u00e9tailler les progr\u00e8s r\u00e9alis\u00e9s \u00e0 cet \u00e9gard dans son prochain rapport annuel et lors de sa mise \u00e0 jour orale. De son c\u00f4t\u00e9, le groupe de soutien de Gen\u00e8ve qui compte plus de 240 ONG\u00a0 a demand\u00e9, en juillet, dans une lettre ouverte au pr\u00e9sident du Conseil de s\u00e9curit\u00e9 de l\u2019ONU, de reprendre la Mission technique initi\u00e9e en 2015, et \u00e0 inclure un chapitre sur les droits de l\u2019homme dans le mandat la Mission des Nations Unies pour le R\u00e9f\u00e9rendum au Sahara occidental (Minurso). Le 29 ao\u00fbt, \u00e0 l&rsquo;occasion de la Journ\u00e9e internationale des victimes de disparitions forc\u00e9es, c\u00e9l\u00e9br\u00e9e le 30 ao\u00fbt, le groupe de soutien de Gen\u00e8ve avait plaid\u00e9 dans un communiqu\u00e9 pour la cr\u00e9ation d\u2019un mandat de rapporteur sp\u00e9cial sur la situation des droits de l&rsquo;homme dans les territoires sahraouis occup\u00e9s. Le groupe de soutien avait, alors, soulign\u00e9 la n\u00e9cessit\u00e9 \u00abde mettre en \u0153uvre le tout premier article de chacune des quatre Conventions de Gen\u00e8ve et de veiller \u00e0 ce que le Maroc respecte les dispositions desdites Conventions en toutes circonstances au Sahara occidental occup\u00e9.<\/p>\n<p>Auteur: elmoudjahid<br \/>\n<a href=\"http:\/\/www.elmoudjahid.com\/fr\/actualites\/159559\">Cliquez ici pour lire l&rsquo;article depuis sa source.<\/a><\/p>\n","protected":false},"excerpt":{"rendered":"<p>La Haute-Commissaire de l&rsquo;ONU aux droits de l&rsquo;homme, Michelle Bachelet, a indiqu\u00e9 hier \u00e0 Gen\u00e8ve qu&rsquo;elle avait \u00ab h\u00e2te de discuter\u00bb des param\u00e8tres d&rsquo;une nouvelle mission technique au Sahara occidental pour \u00abidentifier les probl\u00e8mes critiques des droits de l&rsquo;homme\u00bb dans ce territoire non autonome. \u00abCes missions sont vitales pour identifier les probl\u00e8mes critiques des droits [&hellip;]<\/p>\n","protected":false},"author":1744,"featured_media":0,"comment_status":"closed","ping_status":"closed","sticky":false,"template":"","format":"standard","meta":{"fifu_image_url":"","fifu_image_alt":"","footnotes":""},"categories":[73,53],"tags":[],"class_list":["post-98890","post","type-post","status-publish","format-standard","hentry","category-actualite","category-algerie"],"_links":{"self":[{"href":"https:\/\/linitiative.ca\/International\/wp-json\/wp\/v2\/posts\/98890","targetHints":{"allow":["GET"]}}],"collection":[{"href":"https:\/\/linitiative.ca\/International\/wp-json\/wp\/v2\/posts"}],"about":[{"href":"https:\/\/linitiative.ca\/International\/wp-json\/wp\/v2\/types\/post"}],"author":[{"embeddable":true,"href":"https:\/\/linitiative.ca\/International\/wp-json\/wp\/v2\/users\/1744"}],"replies":[{"embeddable":true,"href":"https:\/\/linitiative.ca\/International\/wp-json\/wp\/v2\/comments?post=98890"}],"version-history":[{"count":0,"href":"https:\/\/linitiative.ca\/International\/wp-json\/wp\/v2\/posts\/98890\/revisions"}],"wp:attachment":[{"href":"https:\/\/linitiative.ca\/International\/wp-json\/wp\/v2\/media?parent=98890"}],"wp:term":[{"taxonomy":"category","embeddable":true,"href":"https:\/\/linitiative.ca\/International\/wp-json\/wp\/v2\/categories?post=98890"},{"taxonomy":"post_tag","embeddable":true,"href":"https:\/\/linitiative.ca\/International\/wp-json\/wp\/v2\/tags?post=98890"}],"curies":[{"name":"wp","href":"https:\/\/api.w.org\/{rel}","templated":true}]}}