{"id":98892,"date":"2020-09-14T20:00:00","date_gmt":"2020-09-15T00:00:00","guid":{"rendered":"https:\/\/linitiative.ca\/International\/corps-des-chefs-de-daira-le-president-tebboune-opere-un-vaste-mouvement\/"},"modified":"2020-09-14T20:00:00","modified_gmt":"2020-09-15T00:00:00","slug":"corps-des-chefs-de-daira-le-president-tebboune-opere-un-vaste-mouvement","status":"publish","type":"post","link":"https:\/\/linitiative.ca\/International\/corps-des-chefs-de-daira-le-president-tebboune-opere-un-vaste-mouvement\/","title":{"rendered":"Corps des chefs de Da\u00efra : Le Pr\u00e9sident Tebboune op\u00e8re un vaste mouvement"},"content":{"rendered":"<p>Le pr\u00e9sident de la R\u00e9publique, Abdelmadjid Tebboune a op\u00e9r\u00e9, lundi, un vaste mouvement dans le corps des chefs de da\u00efra, indique un communiqu\u00e9 de la pr\u00e9sidence de la R\u00e9publique. Ce mouvement a concern\u00e9 des fins de fonction pour 127 chefs de da\u00efra, des mutations de 110 chefs de da\u00efra et la promotion de 131 autres, pr\u00e9cise la m\u00eame source.<\/p>\n<p>Auteur: elmoudjahid<br \/>\n<a href=\"http:\/\/www.elmoudjahid.com\/fr\/actualites\/159561\">Cliquez ici pour lire l&rsquo;article depuis sa source.<\/a><\/p>\n","protected":false},"excerpt":{"rendered":"<p>Le pr\u00e9sident de la R\u00e9publique, Abdelmadjid Tebboune a op\u00e9r\u00e9, lundi, un vaste mouvement dans le corps des chefs de da\u00efra, indique un communiqu\u00e9 de la pr\u00e9sidence de la R\u00e9publique. Ce mouvement a concern\u00e9 des fins de fonction pour 127 chefs de da\u00efra, des mutations de 110 chefs de da\u00efra et la promotion de 131 autres, [&hellip;]<\/p>\n","protected":false},"author":1744,"featured_media":0,"comment_status":"closed","ping_status":"closed","sticky":false,"template":"","format":"standard","meta":{"fifu_image_url":"","fifu_image_alt":"","footnotes":""},"categories":[73,53],"tags":[],"class_list":["post-98892","post","type-post","status-publish","format-standard","hentry","category-actualite","category-algerie"],"_links":{"self":[{"href":"https:\/\/linitiative.ca\/International\/wp-json\/wp\/v2\/posts\/98892","targetHints":{"allow":["GET"]}}],"collection":[{"href":"https:\/\/linitiative.ca\/International\/wp-json\/wp\/v2\/posts"}],"about":[{"href":"https:\/\/linitiative.ca\/International\/wp-json\/wp\/v2\/types\/post"}],"author":[{"embeddable":true,"href":"https:\/\/linitiative.ca\/International\/wp-json\/wp\/v2\/users\/1744"}],"replies":[{"embeddable":true,"href":"https:\/\/linitiative.ca\/International\/wp-json\/wp\/v2\/comments?post=98892"}],"version-history":[{"count":0,"href":"https:\/\/linitiative.ca\/International\/wp-json\/wp\/v2\/posts\/98892\/revisions"}],"wp:attachment":[{"href":"https:\/\/linitiative.ca\/International\/wp-json\/wp\/v2\/media?parent=98892"}],"wp:term":[{"taxonomy":"category","embeddable":true,"href":"https:\/\/linitiative.ca\/International\/wp-json\/wp\/v2\/categories?post=98892"},{"taxonomy":"post_tag","embeddable":true,"href":"https:\/\/linitiative.ca\/International\/wp-json\/wp\/v2\/tags?post=98892"}],"curies":[{"name":"wp","href":"https:\/\/api.w.org\/{rel}","templated":true}]}}