{"id":98893,"date":"2020-09-14T20:00:00","date_gmt":"2020-09-15T00:00:00","guid":{"rendered":"https:\/\/linitiative.ca\/International\/corps-des-presidents-des-tribunaux-administratifs-et-des-commissaires-detat-le-chef-de-letat-opere-un-mouvement-partiel\/"},"modified":"2020-09-14T20:00:00","modified_gmt":"2020-09-15T00:00:00","slug":"corps-des-presidents-des-tribunaux-administratifs-et-des-commissaires-detat-le-chef-de-letat-opere-un-mouvement-partiel","status":"publish","type":"post","link":"https:\/\/linitiative.ca\/International\/corps-des-presidents-des-tribunaux-administratifs-et-des-commissaires-detat-le-chef-de-letat-opere-un-mouvement-partiel\/","title":{"rendered":"Corps des pr\u00e9sidents des tribunaux administratifs et des commissaires d&rsquo;Etat : Le chef de l\u2019\u00e9tat op\u00e8re un mouvement partiel"},"content":{"rendered":"<p>Le pr\u00e9sident de la R\u00e9publique, Abdelmadjid Tebboune a op\u00e9r\u00e9, lundi, un mouvement partiel dans le corps des pr\u00e9sidents des tribunaux administratifs et des commissaires d&rsquo;Etat pr\u00e8s\u00a0 les tribunaux administratifs, indique un communiqu\u00e9 de la Pr\u00e9sidence de la R\u00e9publique.<br \/>Ce mouvement partiel a concern\u00e9 Mesdames et Messieurs:<br \/>\u00a0\u00a0 \u00a0<br \/><strong>En premier lieu : Corps des pr\u00e9sidents\u00a0 des tribunaux administratifs :<\/strong><\/p>\n<p><strong>A- Nominations :<\/strong><\/p>\n<p>&#8211; Hamdi Boulenouar, pr\u00e9sident du tribunal administratif de Biskra.<br \/>&#8211; Fassi Nacer, pr\u00e9sident du tribunal administratif de B\u00e9char.<br \/>&#8211; Derouiche Abdelkader, pr\u00e9sident du tribunal administratif de Blida.<br \/>&#8211; Djenadi Djilali, pr\u00e9sident du tribunal administratif de Jijel.<br \/>&#8211; Ziani Abdellah, pr\u00e9sident du tribunal administratif de Sidi Bel Abb\u00e8s.<br \/>&#8211; Chouaib Thouraya, pr\u00e9sidente du tribunal administratif de Mostaganem.<br \/>&#8211; Zeghrir Aicha, pr\u00e9sidente du tribunal administratif d\u2019Ouargla.<\/p>\n<p><strong>B- Mutations :<\/strong><\/p>\n<p>&#8211; Oudainia Nassima, pr\u00e9sidente du tribunal administratif de Bouira, mut\u00e9e en qualit\u00e9 de pr\u00e9sidente du tribunal administratif de Chlef.<br \/>&#8211; Lebsir Fatna, pr\u00e9sidente du tribunal administratif de S\u00e9tif, mut\u00e9e en qualit\u00e9 de pr\u00e9sidente du tribunal administratif de Bouira.<br \/>&#8211; Djezzoul Noureddine, pr\u00e9sident du tribunal administratif de Tiaret, mut\u00e9 en qualit\u00e9 de pr\u00e9sident du tribunal administratif de Tlemcen.<br \/>&#8211; Belberouat Mohammed, pr\u00e9sident du tribunal administratif de B\u00e9char, mut\u00e9 en qualit\u00e9 de pr\u00e9sident du tribunal administratif de Tiaret.<br \/>&#8211; Nouar Ayache, pr\u00e9sident du tribunal administratif de Biskra, mut\u00e9 en qualit\u00e9 de\u00a0 pr\u00e9sident du tribunal administratif de S\u00e9tif.<br \/>&#8211; Chikhaoui Latifa, pr\u00e9sidente du tribunal administratif de Tlemcen, mut\u00e9e en qualit\u00e9 de pr\u00e9sidente du tribunal administratif de A\u00efn T\u00e9mouchent.<br \/>\u00a0\u00a0 \u00a0<br \/><strong>C- Fin de fonctions :<\/strong><\/p>\n<p>&#8211; Bekacem Fatiha, pr\u00e9sidente du tribunal administratif de Chlef.<br \/>&#8211; Younes Mahbouba, pr\u00e9sidente du tribunal administratif de Jijel.<br \/>&#8211; Hanifi El-Hachemi Omar Malika, pr\u00e9sidente du tribunal administratif de A\u00efn T\u00e9mouchent.<br \/>&#8211; Saad Chemloul Mohammed, pr\u00e9sident du tribunal administratif de Mostaganem (appel\u00e9 \u00e0 d&rsquo;autres fonctions).<br \/>&#8211; Ghanim Moukhtaria, pr\u00e9sidente du tribunal administratif de Sidi Bel Abb\u00e8s (appel\u00e9e \u00e0 d&rsquo;autres fonctions).<br \/>&#8211; Meslioui Hadjira, pr\u00e9sidente du tribunal administratif de Blida (appel\u00e9e \u00e0 d&rsquo;autres fonctions).<\/p>\n<p><strong>En second lieu : Dans le corps des Commissaires d\u2019Etat pr\u00e8s les tribunaux administratifs:<\/strong><\/p>\n<p><strong>A-Nominations :<\/strong><\/p>\n<p>&#8211; Chaabane Madjid, Commissaire d\u2019Etat pr\u00e8s le tribunal administratif d\u2019Oum El Bouaghi<br \/>&#8211; Aksoum Hamid, Commissaire d\u2019Etat pr\u00e8s le tribunal administratif de Tamanrasset<br \/>&#8211; Yahiaoui Mohamed, Commissaire d\u2019Etat pr\u00e8s le tribunal administratif de S\u00e9tif<br \/>&#8211; Benmadani Ahmed, Commissaire d\u2019Etat pr\u00e8s le tribunal administratif de Ain Defla<br \/>&#8211; Touaybia Brahim, Commissaire d\u2019Etat pr\u00e8s le tribunal administratif de Gharda\u00efa<\/p>\n<p><strong>B- Mutations :<\/strong><\/p>\n<p>&#8211; Ghani Afif, Commissaire d\u2019Etat \u00e0 Ouargla, mut\u00e9 en qualit\u00e9 de Commissaire d\u2019Etat pr\u00e8s le tribunal administratif de Laghouat<br \/>&#8211; Djabri M\u2019hamed, Commissaire d\u2019Etat \u00e0 Naama, mut\u00e9 en qualit\u00e9 de Commissaire d\u2019Etat pr\u00e8s le tribunal administratif de Bouira<br \/>&#8211; Ouadhi Djilali, Commissaire d\u2019Etat \u00e0 Bordj Bou Arreridj, mut\u00e9 en qualit\u00e9 de Commissaire d\u2019Etat pr\u00e8s le tribunal administratif de M\u00e9d\u00e9a<br \/>&#8211; Benhamida Abderahmi, commissaire d\u2019Etat \u00e0 M\u00e9d\u00e9a, mut\u00e9 en qualit\u00e9 de Commissaire d\u2019Etat pr\u00e8s le tribunal administratif de Mostaganem<br \/>&#8211; Amrani Kamel, Commissaire d\u2019Etat \u00e0 El Oued, mut\u00e9 en qualit\u00e9 de Commissaire d\u2019Etat pr\u00e8s le tribunal administratif de Ouargla<br \/>&#8211; Lebair Abdelkader, Commissaire d\u2019Etat \u00e0 Oum El Bouaghi, mut\u00e9 en qualit\u00e9 de Commissaire d\u2019Etat pr\u00e8s le tribunal administratif d\u2019Illizi<br \/>&#8211; Herouadji Bachir, Commissaire d\u2019Etat \u00e0 Laghouat, mut\u00e9 en qualit\u00e9 de Commissaire d\u2019Etat pr\u00e8s le tribunal administratif de Bordj Bou Arreridj<br \/>&#8211; Fassih Ammar, Commissaire d\u2019Etat \u00e0 Ilizi, mut\u00e9 en qualit\u00e9 de Commissaire d\u2019Etat pr\u00e8s le tribunal administratif d\u2019El Oued<br \/>&#8211; Ouahrani Mohamed, Commissaire d\u2019Etat \u00e0 Relizane, mut\u00e9 en qualit\u00e9 de Commissaire d\u2019Etat pr\u00e8s le tribunal administratif de Naama<br \/>&#8211; Bendjeloul Samir, Commissaire d\u2019Etat \u00e0 Ain Defla, mut\u00e9 en qualit\u00e9 de Commissaire d\u2019Etat pr\u00e8s le tribunal administratif de Ain T\u00e9mouchent<br \/>&#8211; Bezzaoucha Abdelhalim, Commissaire d\u2019Etat \u00e0 Bouira, mut\u00e9 en qualit\u00e9 de Commissaire d\u2019Etat pr\u00e8s le tribunal administratif de Relizane<\/p>\n<p><strong>C- Fins de fonctions<\/strong><\/p>\n<p>&#8211; Zara Mustapha, Commissaire d\u2019Etat pr\u00e8s le tribunal administratif de S\u00e9tif.<br \/>&#8211; Kahouadji Koceila, Commissaire d\u2019Etat pr\u00e8s le tribunal administratif de Ain T\u00e9mouchent.\u00a0\u00a0 \u00a0 \u00a0<\/p>\n<p>Auteur: elmoudjahid<br \/>\n<a href=\"http:\/\/www.elmoudjahid.com\/fr\/actualites\/159562\">Cliquez ici pour lire l&rsquo;article depuis sa source.<\/a><\/p>\n","protected":false},"excerpt":{"rendered":"<p>Le pr\u00e9sident de la R\u00e9publique, Abdelmadjid Tebboune a op\u00e9r\u00e9, lundi, un mouvement partiel dans le corps des pr\u00e9sidents des tribunaux administratifs et des commissaires d&rsquo;Etat pr\u00e8s\u00a0 les tribunaux administratifs, indique un communiqu\u00e9 de la Pr\u00e9sidence de la R\u00e9publique.Ce mouvement partiel a concern\u00e9 Mesdames et Messieurs:\u00a0\u00a0 \u00a0En premier lieu : Corps des pr\u00e9sidents\u00a0 des tribunaux administratifs [&hellip;]<\/p>\n","protected":false},"author":1744,"featured_media":0,"comment_status":"closed","ping_status":"closed","sticky":false,"template":"","format":"standard","meta":{"fifu_image_url":"","fifu_image_alt":"","footnotes":""},"categories":[73,53],"tags":[],"class_list":["post-98893","post","type-post","status-publish","format-standard","hentry","category-actualite","category-algerie"],"_links":{"self":[{"href":"https:\/\/linitiative.ca\/International\/wp-json\/wp\/v2\/posts\/98893","targetHints":{"allow":["GET"]}}],"collection":[{"href":"https:\/\/linitiative.ca\/International\/wp-json\/wp\/v2\/posts"}],"about":[{"href":"https:\/\/linitiative.ca\/International\/wp-json\/wp\/v2\/types\/post"}],"author":[{"embeddable":true,"href":"https:\/\/linitiative.ca\/International\/wp-json\/wp\/v2\/users\/1744"}],"replies":[{"embeddable":true,"href":"https:\/\/linitiative.ca\/International\/wp-json\/wp\/v2\/comments?post=98893"}],"version-history":[{"count":0,"href":"https:\/\/linitiative.ca\/International\/wp-json\/wp\/v2\/posts\/98893\/revisions"}],"wp:attachment":[{"href":"https:\/\/linitiative.ca\/International\/wp-json\/wp\/v2\/media?parent=98893"}],"wp:term":[{"taxonomy":"category","embeddable":true,"href":"https:\/\/linitiative.ca\/International\/wp-json\/wp\/v2\/categories?post=98893"},{"taxonomy":"post_tag","embeddable":true,"href":"https:\/\/linitiative.ca\/International\/wp-json\/wp\/v2\/tags?post=98893"}],"curies":[{"name":"wp","href":"https:\/\/api.w.org\/{rel}","templated":true}]}}