{"id":98895,"date":"2020-09-15T08:46:27","date_gmt":"2020-09-15T12:46:27","guid":{"rendered":"https:\/\/linitiative.ca\/International\/109744-plan-national-de-la-jeunesse-2020-2024-installation-de-la-commission-interministerielle-a-alger\/"},"modified":"2020-09-15T08:46:27","modified_gmt":"2020-09-15T12:46:27","slug":"109744-plan-national-de-la-jeunesse-2020-2024-installation-de-la-commission-interministerielle-a-alger","status":"publish","type":"post","link":"https:\/\/linitiative.ca\/International\/109744-plan-national-de-la-jeunesse-2020-2024-installation-de-la-commission-interministerielle-a-alger\/","title":{"rendered":"Plan national de la jeunesse 2020-2024: installation de la commission interminist\u00e9rielle \u00e0 Alger"},"content":{"rendered":"<div readability=\"35\">\n<p><strong>ALGER- La commission interminist\u00e9rielle charg\u00e9e de l&rsquo;\u00e9laboration du Plan national de la jeunesse 2020-2024 a \u00e9t\u00e9 install\u00e9e mardi au si\u00e8ge du minist\u00e8re de la Jeunesse et des sports \u00e0 Alger au terme d&rsquo;une s\u00e9rie de r\u00e9unions consultatives avec des organisations et des associations de jeunes qui ont permis d&rsquo;enrichir le dialogue et de favoriser un \u00e9changer d&rsquo;id\u00e9es autour du projet.<\/strong><\/p>\n<\/div>\n<div readability=\"64.5\">\n<p>Cette commission \u00ab\u00a0est charg\u00e9e d&rsquo;\u00e9laborer une politique publique unifi\u00e9e d\u00e9di\u00e9e aux jeunes qui sera mise en \u0153uvre par l&rsquo;ensemble des secteurs minist\u00e9riels et des instances nationales en charge des questions de jeunes, avec la participation de la soci\u00e9t\u00e9 civile et du mouvement associatif\u00a0\u00bb, a indiqu\u00e9 le ministre de la Jeunesse et des sports, Sid Ali Khaldi, dans une allocution, pr\u00e9cisant que \u00ab\u00a0le document de r\u00e9f\u00e9rence du Plan national de la jeunesse sera pr\u00e9sent\u00e9 dans un d\u00e9lai n&rsquo;exc\u00e9dant pas les deux (2) mois\u00a0\u00bb.<\/p>\n<p>L&rsquo;installation de cette commission vient couronner un long processus de coordination et de concertation avec les secteurs minist\u00e9riels et le mouvement associatif de jeunes qui a donn\u00e9 lieu \u00e0 une feuille de route pour l&rsquo;\u00e9laboration du Plan national de la jeunesse et permis de recueillir et de traiter les propositions des jeunes et des associations de jeunes, notamment \u00e0 la faveur du Forum num\u00e9rique de la jeunesse alg\u00e9rienne et de la s\u00e9rie de rencontres consultatives tenues \u00e0 travers les diff\u00e9rentes wilayas, a fait savoir le ministre.<\/p>\n<blockquote readability=\"10\">\n<p><em><strong>Le Plan national de la jeunesse \u00ab\u00a0est en accord avec le projet de r\u00e9vision constitutionnelle soumis par le pr\u00e9sident de la R\u00e9publique au r\u00e9f\u00e9rendum populaire le 1er novembre prochain et dans lequel les jeunes repr\u00e9sentent la locomotive du changement et la pierre angulaire de l&rsquo;\u00e9dification de la nouvelle R\u00e9publique\u00a0\u00bb, a affirm\u00e9 le ministre, soulignant que \u00ab\u00a0l&rsquo;ambitieux projet de r\u00e9vision constitutionnelle consacre pour la premi\u00e8re fois l&rsquo;engagement de l&rsquo;Etat \u00e0 encourager les jeunes \u00e0 investir la vie publique et politique\u00a0\u00bb.<\/strong><\/em><\/p>\n<\/blockquote>\n<p>Le Plan vise \u00e0 \u00e9laborer une politique publique unifi\u00e9e d\u00e9di\u00e9e aux jeunes qui sera mise en \u0153uvre par l&rsquo;ensemble des secteurs minist\u00e9riels et des instances publiques en charge des questions de jeunes, avec la participation active de la soci\u00e9t\u00e9 civile et du mouvement associatif, \u00e0 r\u00e9tablir la confiance entre les jeunes et les institutions \u00e9tatiques sur la base d&rsquo;un nouveau pacte avec les jeunes, \u00e0 encourager les jeunes \u00e0 participer \u00e0 la gestion des affaires publiques et \u00e0 conforter la citoyennet\u00e9 chez les jeunes et \u00e0 les mobiliser dans les \u0153uvres caritatives et associatives, a fait savoir M. Khaldi.<\/p>\n<p>A ce titre, le minist\u00e8re a entam\u00e9 la r\u00e9vision du cadre r\u00e9glementaire du Conseil sup\u00e9rieur de la jeunesse en tant qu'\u00a0\u00bbespace idoine pour la participation des jeunes et l&rsquo;\u00e9valuation des politiques publiques qui leur sont d\u00e9di\u00e9es\u00a0\u00bb.<\/p>\n<\/div>\n<p>Auteur:<br \/>\n<a href=\"http:\/\/www.aps.dz\/sport\/109744-plan-national-de-la-jeunesse-2020-2024-installation-de-la-commission-interministerielle-a-alger?utm_source=feedburner&#038;utm_medium=feed&#038;utm_campaign=Feed%3A+aps-sport+%28APS+-+SPORT%29\">Cliquez ici pour lire l&rsquo;article depuis sa source.<\/a><\/p>\n","protected":false},"excerpt":{"rendered":"<p>ALGER- La commission interminist\u00e9rielle charg\u00e9e de l&rsquo;\u00e9laboration du Plan national de la jeunesse 2020-2024 a \u00e9t\u00e9 install\u00e9e mardi au si\u00e8ge du minist\u00e8re de la Jeunesse et des sports \u00e0 Alger au terme d&rsquo;une s\u00e9rie de r\u00e9unions consultatives avec des organisations et des associations de jeunes qui ont permis d&rsquo;enrichir le dialogue et de favoriser un [&hellip;]<\/p>\n","protected":false},"author":1790,"featured_media":0,"comment_status":"closed","ping_status":"closed","sticky":false,"template":"","format":"standard","meta":{"fifu_image_url":"","fifu_image_alt":"","footnotes":""},"categories":[53,75],"tags":[],"class_list":["post-98895","post","type-post","status-publish","format-standard","hentry","category-algerie","category-sport"],"_links":{"self":[{"href":"https:\/\/linitiative.ca\/International\/wp-json\/wp\/v2\/posts\/98895","targetHints":{"allow":["GET"]}}],"collection":[{"href":"https:\/\/linitiative.ca\/International\/wp-json\/wp\/v2\/posts"}],"about":[{"href":"https:\/\/linitiative.ca\/International\/wp-json\/wp\/v2\/types\/post"}],"author":[{"embeddable":true,"href":"https:\/\/linitiative.ca\/International\/wp-json\/wp\/v2\/users\/1790"}],"replies":[{"embeddable":true,"href":"https:\/\/linitiative.ca\/International\/wp-json\/wp\/v2\/comments?post=98895"}],"version-history":[{"count":0,"href":"https:\/\/linitiative.ca\/International\/wp-json\/wp\/v2\/posts\/98895\/revisions"}],"wp:attachment":[{"href":"https:\/\/linitiative.ca\/International\/wp-json\/wp\/v2\/media?parent=98895"}],"wp:term":[{"taxonomy":"category","embeddable":true,"href":"https:\/\/linitiative.ca\/International\/wp-json\/wp\/v2\/categories?post=98895"},{"taxonomy":"post_tag","embeddable":true,"href":"https:\/\/linitiative.ca\/International\/wp-json\/wp\/v2\/tags?post=98895"}],"curies":[{"name":"wp","href":"https:\/\/api.w.org\/{rel}","templated":true}]}}