{"id":98897,"date":"2020-09-15T13:29:38","date_gmt":"2020-09-15T17:29:38","guid":{"rendered":"https:\/\/linitiative.ca\/International\/109757-volley-championnat-national-2-mois-et-demi-accordes-aux-clubs-pour-la-preparation\/"},"modified":"2020-09-15T13:29:38","modified_gmt":"2020-09-15T17:29:38","slug":"109757-volley-championnat-national-2-mois-et-demi-accordes-aux-clubs-pour-la-preparation","status":"publish","type":"post","link":"https:\/\/linitiative.ca\/International\/109757-volley-championnat-national-2-mois-et-demi-accordes-aux-clubs-pour-la-preparation\/","title":{"rendered":"Volley-Championnat national: 2 mois et demi accord\u00e9s aux clubs pour la pr\u00e9paration"},"content":{"rendered":"<p><span class=\"sp-nh-title\">R\u00e9f\u00e9rendum du 1er novembre: Belhimer se r\u00e9unit avec les responsables des cha\u00eenes de t\u00e9l\u00e9vision priv\u00e9es<\/span> &#8211; <span class=\"sp-nh-date\">mardi 15 septembre 2020 20:05<\/span><\/p>\n<p><span class=\"sp-nh-title\">D\u00e9c\u00e8s de l\u2019ancien pr\u00e9sident malien, Moussa Traor\u00e9<\/span> &#8211; <span class=\"sp-nh-date\">mardi 15 septembre 2020 20:01<\/span><\/p>\n<p><span class=\"sp-nh-title\">R\u00e9f\u00e9rendum sur la r\u00e9vision de la Constitution: Tebboune convoque le corps \u00e9lectoral<\/span> &#8211; <span class=\"sp-nh-date\">mardi 15 septembre 2020 19:58<\/span><\/p>\n<p><span class=\"sp-nh-title\">Pas de prolongation pour les boursiers dont le s\u00e9jour est arriv\u00e9 \u00e0 terme le 30 juin<\/span> &#8211; <span class=\"sp-nh-date\">mardi 15 septembre 2020 19:57<\/span><\/p>\n<p><span class=\"sp-nh-title\">BAC 2020: les candidats optimistes en cette 3e journ\u00e9e<\/span> &#8211; <span class=\"sp-nh-date\">mardi 15 septembre 2020 19:32<\/span><\/p>\n<p><span class=\"sp-nh-title\">Volley-Championnat national: 2 mois et demi accord\u00e9s aux clubs pour la pr\u00e9paration<\/span> &#8211; <span class=\"sp-nh-date\">mardi 15 septembre 2020 18:29<\/span><\/p>\n<p><span class=\"sp-nh-title\">N\u00e9cessit\u00e9 d&rsquo;analyser les risques \u00e9cologiques des installations p\u00e9troli\u00e8re<\/span> &#8211; <span class=\"sp-nh-date\">mardi 15 septembre 2020 18:22<\/span><\/p>\n<p><span class=\"sp-nh-title\">La CCIAF publie son 2e guide r\u00e8glementaire sur l&rsquo;investissement en Alg\u00e9rie<\/span> &#8211; <span class=\"sp-nh-date\">mardi 15 septembre 2020 17:59<\/span><\/p>\n<p><span class=\"sp-nh-title\">M\u00e9gaprojet de phosphate: un nouveau sch\u00e9ma de d\u00e9veloppement de 6 mds USD<\/span> &#8211; <span class=\"sp-nh-date\">mardi 15 septembre 2020 17:42<\/span><\/p>\n<p><span class=\"sp-nh-title\">Boukadoum re\u00e7oit la ministre italienne de l&rsquo;Int\u00e9rieur<\/span> &#8211; <span class=\"sp-nh-date\">mardi 15 septembre 2020 17:16<\/span><\/p>\n<p><span class=\"sp-nh-title\">Covid-19: 238 nouveaux cas, 154 gu\u00e9risons et 12 d\u00e9c\u00e8s<\/span> &#8211; <span class=\"sp-nh-date\">mardi 15 septembre 2020 17:12<\/span><\/p>\n<p><span class=\"sp-nh-title\">Energie: un plan multisectoriel pour s\u00e9curiser les ol\u00e9oducs<\/span> &#8211; <span class=\"sp-nh-date\">mardi 15 septembre 2020 16:47<\/span><\/p>\n<p><span class=\"sp-nh-title\">L&rsquo;Italie aspire \u00e0 renforcer davantage ses relations avec l&rsquo;Alg\u00e9rie<\/span> &#8211; <span class=\"sp-nh-date\">mardi 15 septembre 2020 16:35<\/span><\/p>\n<p><span class=\"sp-nh-title\">LFP: reprise des entra\u00eenements uniquement pour les seniors et les r\u00e9serves<\/span> &#8211; <span class=\"sp-nh-date\">mardi 15 septembre 2020 16:12<\/span><\/p>\n<p><span class=\"sp-nh-title\">Bechar: d\u00e9mant\u00e8lement d\u2019un r\u00e9seau de trafic de drogues et saisie de plus de 24 kg de kif trait\u00e9<\/span> &#8211; <span class=\"sp-nh-date\">mardi 15 septembre 2020 16:11<\/span><\/p>\n<p><span class=\"sp-nh-title\">L&rsquo;Alg\u00e9rie et l&rsquo;Italie dispos\u00e9es \u00e0 \u0153uvrer pour le d\u00e9veloppement de leurs relations privil\u00e9gi\u00e9es<\/span> &#8211; <span class=\"sp-nh-date\">mardi 15 septembre 2020 16:01<\/span><\/p>\n<p><span class=\"sp-nh-title\">Sahara occidental: le HCDH appel\u00e9 \u00e0 reprendre sa mission technique<\/span> &#8211; <span class=\"sp-nh-date\">mardi 15 septembre 2020 15:26<\/span><\/p>\n<p><span class=\"sp-nh-title\">Plan national de la jeunesse 2020-2024: installation de la commission interminist\u00e9rielle \u00e0 Alger<\/span> &#8211; <span class=\"sp-nh-date\">mardi 15 septembre 2020 13:46<\/span><\/p>\n<p><span class=\"sp-nh-title\">L\u2019Alg\u00e9rie \u00e9lue brillamment au Conseil d&rsquo;administration du PNUD\/ FNUAP\/UNOPS<\/span> &#8211; <span class=\"sp-nh-date\">mardi 15 septembre 2020 13:17<\/span><\/p>\n<p><span class=\"sp-nh-title\">Campagne nationale pour d\u00e9celer les opportunit\u00e9s de cr\u00e9ation de micro-entreprises<\/span> &#8211; <span class=\"sp-nh-date\">mardi 15 septembre 2020 13:08<\/span><\/p>\n<p>Auteur:<br \/>\n<a href=\"http:\/\/www.aps.dz\/sport\/109757-volley-championnat-national-2-mois-et-demi-accordes-aux-clubs-pour-la-preparation?utm_source=feedburner&#038;utm_medium=feed&#038;utm_campaign=Feed%3A+aps-sport+%28APS+-+SPORT%29\">Cliquez ici pour lire l&rsquo;article depuis sa source.<\/a><\/p>\n","protected":false},"excerpt":{"rendered":"<p>R\u00e9f\u00e9rendum du 1er novembre: Belhimer se r\u00e9unit avec les responsables des cha\u00eenes de t\u00e9l\u00e9vision priv\u00e9es &#8211; mardi 15 septembre 2020 20:05 D\u00e9c\u00e8s de l\u2019ancien pr\u00e9sident malien, Moussa Traor\u00e9 &#8211; mardi 15 septembre 2020 20:01 R\u00e9f\u00e9rendum sur la r\u00e9vision de la Constitution: Tebboune convoque le corps \u00e9lectoral &#8211; mardi 15 septembre 2020 19:58 Pas de prolongation [&hellip;]<\/p>\n","protected":false},"author":1790,"featured_media":0,"comment_status":"closed","ping_status":"closed","sticky":false,"template":"","format":"standard","meta":{"fifu_image_url":"","fifu_image_alt":"","footnotes":""},"categories":[53,75],"tags":[],"class_list":["post-98897","post","type-post","status-publish","format-standard","hentry","category-algerie","category-sport"],"_links":{"self":[{"href":"https:\/\/linitiative.ca\/International\/wp-json\/wp\/v2\/posts\/98897","targetHints":{"allow":["GET"]}}],"collection":[{"href":"https:\/\/linitiative.ca\/International\/wp-json\/wp\/v2\/posts"}],"about":[{"href":"https:\/\/linitiative.ca\/International\/wp-json\/wp\/v2\/types\/post"}],"author":[{"embeddable":true,"href":"https:\/\/linitiative.ca\/International\/wp-json\/wp\/v2\/users\/1790"}],"replies":[{"embeddable":true,"href":"https:\/\/linitiative.ca\/International\/wp-json\/wp\/v2\/comments?post=98897"}],"version-history":[{"count":0,"href":"https:\/\/linitiative.ca\/International\/wp-json\/wp\/v2\/posts\/98897\/revisions"}],"wp:attachment":[{"href":"https:\/\/linitiative.ca\/International\/wp-json\/wp\/v2\/media?parent=98897"}],"wp:term":[{"taxonomy":"category","embeddable":true,"href":"https:\/\/linitiative.ca\/International\/wp-json\/wp\/v2\/categories?post=98897"},{"taxonomy":"post_tag","embeddable":true,"href":"https:\/\/linitiative.ca\/International\/wp-json\/wp\/v2\/tags?post=98897"}],"curies":[{"name":"wp","href":"https:\/\/api.w.org\/{rel}","templated":true}]}}