{"id":98898,"date":"2020-09-15T04:49:00","date_gmt":"2020-09-15T08:49:00","guid":{"rendered":"https:\/\/linitiative.ca\/International\/khaled-jazi-radhi-jazi-etait-un-pere-comme-on-nen-voit-plus\/"},"modified":"2020-09-15T04:49:00","modified_gmt":"2020-09-15T08:49:00","slug":"khaled-jazi-radhi-jazi-etait-un-pere-comme-on-nen-voit-plus","status":"publish","type":"post","link":"https:\/\/linitiative.ca\/International\/khaled-jazi-radhi-jazi-etait-un-pere-comme-on-nen-voit-plus\/","title":{"rendered":"Khaled Jazi: Radhi Jazi \u00e9tait un p\u00e8re comme on n&rsquo;en voit plus"},"content":{"rendered":"<p><span class=\"c3\"><span class=\"c2\"><em><strong><img decoding=\"async\" src=\"\/uploads\/FCK_files\/Khaled--Jazi.jpg\" width=\"20%\" vspace=\"5\" hspace=\"5\" align=\"left\" alt=\"\"\/>Par Khaled Jazi &#8211;<\/strong><\/em><\/span><\/span> <strong>Un p\u00e8re d\u2019une rare gentillesse. Il n\u2019aimait pas nous crier dessus et lorsqu\u2019il le faisait par obligation, il s\u2019en voulait et ne perdait pas de temps pour se rattraper. Il ne bougeait jamais sans ma m\u00e8re avec qui il a v\u00e9cu 65 ann\u00e9es de bonheur. D\u00eeners, s\u00e9minaires, voyages, celle qui l\u2019appelait Si Radhi devait former avec lui, un couple comme on n\u2019en voit plus.<\/strong><\/p>\n<p><span class=\"c5\"><span class=\"c4\"><strong>Sidi<\/strong><\/span><\/span><\/p>\n<p>Son fr\u00e8re Dali et ses s\u0153urs l\u2019appelaient Sidi, ce qui d\u00e9note \u00e0 quel point ils le respectaient. La famille et ses amis l\u2019adoraient, les visites \u00e9taient tr\u00e8s nombreuses \u00e0 la maison, la discussion avec celui qu\u2019ils appelaient Si Radhi \u00e9tait tr\u00e8s agr\u00e9able, il accaparait tr\u00e8s souvent la discussion pour parler d\u2019histoire, de politique, de Nabeul, d\u2019anecdotes, souvent avec un humour extr\u00eamement subtile. Apr\u00e8s son d\u00e9c\u00e8s, plusieurs de ses amis m\u2019ont dit : \u2018\u2019C\u2019\u00e9tait un second p\u00e8re pour moi\u2019\u2019, preuve de l\u2019affection qu\u2019ils avaient pour lui.<\/p>\n<p><span class=\"c5\"><span class=\"c4\"><strong>A la pharmacie, avenue de la Libert\u00e9 \u00e0 Lafayette<\/strong><\/span><\/span><\/p>\n<p>Lorsque j\u2019ai commenc\u00e9 \u00e0 travailler avec lui, j\u2019ai compris \u00e0 quel point il \u00e9tait un grand nom de la profession. Tous ceux qui avaient des probl\u00e8mes venaient vers lui, et il se faisait un plaisir \u00e0 leur trouver des solutions, il adorait \u00e7a, aider les autres, il se pliait en quatre m\u00eame avec ceux qu\u2019il connaissait tr\u00e8s peu. Il ne recevait pas uniquement des pharmaciens, les visites \u00e9taient nombreuses tous les jours, des amis, des clients, des m\u00e9decins du quartier. Bref, vu que j\u2019\u00e9tais dans le m\u00eame bureau que lui et que je n\u2019arrivais pas \u00e0 travailler, j\u2019ai d\u00fb plier bagage et am\u00e9nager un bureau pour moi.<\/p>\n<p><span class=\"c5\"><span class=\"c4\"><strong>L\u2019image que je n\u2019oublierai pas<\/strong><\/span><\/span><\/p>\n<p>Cela remonte \u00e0 5 ou 6 ans, il ne voulait plus se montrer vu qu\u2019il marchait avec une b\u00e9quille. Je l\u2019ai presque suppli\u00e9 pour venir avec moi \u00e0 des journ\u00e9es pharmaceutiques \u00e0 Gammarth et il a fini par accepter. Nous sommes entr\u00e9s dans la salle qui \u00e9tait comble en pleine conf\u00e9rence. Le pr\u00e9sident de la s\u00e9ance s\u2019est alors lev\u00e9, a pris le micro et s\u2019est excus\u00e9 aupr\u00e8s du conf\u00e9rencier pour annoncer l\u2019arriv\u00e9e de mon p\u00e8re. Toute la salle s\u2019est lev\u00e9e pour l\u2019applaudir, plusieurs sont venus vers lui pour l\u2019embrasser et l\u2019emmener vers le premier si\u00e8ge pour s\u2019asseoir. Il m\u2019a dit par la suite qu\u2019il \u00e9tait tr\u00e8s \u00e9mu de voir qu\u2019on ne l\u2019ait pas oubli\u00e9.<\/p>\n<p><span class=\"c5\"><span class=\"c4\"><strong>Une phrase que je n\u2019oublierai pas<\/strong><\/span><\/span><\/p>\n<p>L\u2019Acad\u00e9mie de France de pharmacie l\u2019a appel\u00e9 pour demander son avis sur un pharmacien tunisien qui souhaitait en devenir membre. Je lui ai demand\u00e9 pourquoi c\u2019\u00e9tait lui qu\u2019ils appelaient, il a souri et m\u2019a dit qu\u2019il avait pos\u00e9 la m\u00eame question au Monsieur qui l\u2019a appel\u00e9. La r\u00e9ponse a \u00e9t\u00e9 :\u2019\u2019La Tunisie pour nous, c\u2019est vous M. Jazi\u2019\u2019.<\/p>\n<p class=\"c6\"><strong>Khaled Jazi<\/strong><\/p>\n<p class=\"c7\"><strong>Lire aussi<\/strong><\/p>\n<p><a href=\"https:\/\/www.leaders.com.tn\/article\/30510-radhi-jazi-le-pharmacien-l-humaniste\" target=\"_blank\" rel=\"noopener noreferrer\">Radhi Jazi: Le pharmacien, l\u2019humaniste<\/a><\/p>\n<p><a href=\"https:\/\/www.leaders.com.tn\/article\/30554-radhi-jazi-le-recours-incontournable\" target=\"_blank\" rel=\"noopener noreferrer\">Radhi Jazi: Le recours incontournable<\/a><\/p>\n<p><a href=\"https:\/\/www.leaders.com.tn\/article\/30565-radhi-jazi-son-charisme-lui-avait-donne-une-dimension-internationale\" target=\"_blank\" rel=\"noopener noreferrer\">Radhi Jazi: Son charisme lui avait donn\u00e9 une dimension internationale<\/a><\/p>\n<p class=\"MsoNormal c8\"><strong><a href=\"https:\/\/www.leaders.com.tn\/le_mensuel_abonnez_vous\" target=\"_blank\" rel=\"noopener noreferrer\"><img loading=\"lazy\" decoding=\"async\" src=\"\/uploads\/FCK_files\/Bondou(11).jpg\" alt=\"\" width=\"500\" vspace=\"5\" hspace=\"5\" height=\"128\" align=\"middle\"\/><\/a><\/strong><\/p>\n<p>Auteur:<br \/>\n<a href=\"https:\/\/www.leaders.com.tn\/article\/30577-khaled-jazi-radhijazi-c-etait-papa\">Cliquez ici pour lire l&rsquo;article depuis sa source.<\/a><\/p>\n","protected":false},"excerpt":{"rendered":"<p>Par Khaled Jazi &#8211; Un p\u00e8re d\u2019une rare gentillesse. Il n\u2019aimait pas nous crier dessus et lorsqu\u2019il le faisait par obligation, il s\u2019en voulait et ne perdait pas de temps pour se rattraper. Il ne bougeait jamais sans ma m\u00e8re avec qui il a v\u00e9cu 65 ann\u00e9es de bonheur. D\u00eeners, s\u00e9minaires, voyages, celle qui l\u2019appelait [&hellip;]<\/p>\n","protected":false},"author":1772,"featured_media":98899,"comment_status":"closed","ping_status":"closed","sticky":false,"template":"","format":"standard","meta":{"fifu_image_url":"","fifu_image_alt":"","footnotes":""},"categories":[73,55],"tags":[],"class_list":["post-98898","post","type-post","status-publish","format-standard","has-post-thumbnail","hentry","category-actualite","category-tunisie"],"_links":{"self":[{"href":"https:\/\/linitiative.ca\/International\/wp-json\/wp\/v2\/posts\/98898","targetHints":{"allow":["GET"]}}],"collection":[{"href":"https:\/\/linitiative.ca\/International\/wp-json\/wp\/v2\/posts"}],"about":[{"href":"https:\/\/linitiative.ca\/International\/wp-json\/wp\/v2\/types\/post"}],"author":[{"embeddable":true,"href":"https:\/\/linitiative.ca\/International\/wp-json\/wp\/v2\/users\/1772"}],"replies":[{"embeddable":true,"href":"https:\/\/linitiative.ca\/International\/wp-json\/wp\/v2\/comments?post=98898"}],"version-history":[{"count":0,"href":"https:\/\/linitiative.ca\/International\/wp-json\/wp\/v2\/posts\/98898\/revisions"}],"wp:featuredmedia":[{"embeddable":true,"href":"https:\/\/linitiative.ca\/International\/wp-json\/"}],"wp:attachment":[{"href":"https:\/\/linitiative.ca\/International\/wp-json\/wp\/v2\/media?parent=98898"}],"wp:term":[{"taxonomy":"category","embeddable":true,"href":"https:\/\/linitiative.ca\/International\/wp-json\/wp\/v2\/categories?post=98898"},{"taxonomy":"post_tag","embeddable":true,"href":"https:\/\/linitiative.ca\/International\/wp-json\/wp\/v2\/tags?post=98898"}],"curies":[{"name":"wp","href":"https:\/\/api.w.org\/{rel}","templated":true}]}}