{"id":98900,"date":"2020-09-15T04:57:00","date_gmt":"2020-09-15T08:57:00","guid":{"rendered":"https:\/\/linitiative.ca\/International\/covid-19-les-pays-nordiques-mettent-en-garde-contre-le-viol-des-droits-et-la-reduction-de-lespace-democratique-sous-pretexte-de-pandemie\/"},"modified":"2020-09-15T04:57:00","modified_gmt":"2020-09-15T08:57:00","slug":"covid-19-les-pays-nordiques-mettent-en-garde-contre-le-viol-des-droits-et-la-reduction-de-lespace-democratique-sous-pretexte-de-pandemie","status":"publish","type":"post","link":"https:\/\/linitiative.ca\/International\/covid-19-les-pays-nordiques-mettent-en-garde-contre-le-viol-des-droits-et-la-reduction-de-lespace-democratique-sous-pretexte-de-pandemie\/","title":{"rendered":"Covid-19 &#8211; Les pays nordiques mettent en garde contre le viol des droits et la r\u00e9duction de l\u2019espace d\u00e9mocratique sous pr\u00e9texte de pand\u00e9mie"},"content":{"rendered":"<p>Covid-19 &#8211; Les pays nordiques mettent en garde contre le viol des droits et la r\u00e9duction de l\u2019espace d\u00e9mocratique sous pr\u00e9texte de pand\u00e9mie.<br \/>Cinq pays nordiques expriment leurs craintes face au recul de la d\u00e9mocratie et le viol des droits de l\u2019homme qui pourraient surgir dans certains pays, sous pr\u00e9texte de contingences du Covid-19. Dans un appel sign\u00e9 par les chefs de la diplomatie et les ministres de la Coop\u00e9ration et du D\u00e9veloppement, le Danemark, la Finlande, l\u2019Islande, la Norv\u00e8ge et la Su\u00e8de soulignent qu\u2019au centre de la r\u00e9ponse imm\u00e9diate, globale et sur le long terme \u00e0 apporter \u00e0 la lutte contre la pand\u00e9mie, doivent figurer sans concession aucune, les questions de l&rsquo;\u00e9tat de droit et l&rsquo;\u00e9galit\u00e9 des sexes .\u00a0 \u00ab Nous devons reconstruire en mieux et en plus \u00e9cologique et nous sommes pr\u00eats \u00e0 faire preuve de leadership pour renforcer la coop\u00e9ration internationale dans les ann\u00e9es \u00e0 venir \u00bb d\u00e9clarent-ils, avant d\u2019\u00e9noncer quatre piliers fondamentaux de l\u2019action \u00e0 mener, au sein de la communaut\u00e9 internationale.<\/p>\n<h2>Texte int\u00e9gral de l\u2019appel<\/h2>\n<p><span class=\"c2\">La pand\u00e9mie du Covid-19 menace d&rsquo;acc\u00e9l\u00e9rer les tendances mondiales qui tendent vers le recul de la d\u00e9mocratie et du respect des droits de l&rsquo;homme. Cette pand\u00e9mie intensifie les in\u00e9galit\u00e9s d\u00e9j\u00e0 existantes, frappant ceux qui sont d\u00e9j\u00e0 marginalis\u00e9s, les victimes de discrimination et ceux qui vivent dans la pr\u00e9carit\u00e9 extr\u00eame.<\/span><\/p>\n<p>\u00ab Les gouvernements nordiques pr\u00f4nent la coop\u00e9ration internationale, la solidarit\u00e9, les droits de l&rsquo;homme et la d\u00e9mocratie dans la lutte contre la pand\u00e9mie.<\/p>\n<p>Des mesures de r\u00e9ponse disproportionn\u00e9es face \u00e0 la pand\u00e9mie pourraient avoir des r\u00e9percussions graves et profondes sur les droits de l&rsquo;homme et les principes d\u00e9mocratiques. Nous sommes pr\u00e9occup\u00e9s par le fait que certains gouvernements profitent de la pand\u00e9mie en l\u2019utilisant comme pr\u00e9texte pour violer les droits de l\u2019homme, r\u00e9duire l\u2019espace d\u00e9mocratique et redessiner le terrain de jeu mondial.<\/p>\n<p>Heureusement, force est de constater que la communaut\u00e9 internationale agit. Le Secr\u00e9taire g\u00e9n\u00e9ral de l&rsquo;ONU, Ant\u00f3nio Guterres, a ouvert la voie en appelant \u00e0 un cessez-le-feu mondial afin que le monde puisse se concentrer sur la lutte contre la pand\u00e9mie tout en pla\u00e7ant les droits de l&rsquo;homme au premier plan. Le syst\u00e8me des droits et le syst\u00e8me humanitaire et de d\u00e9veloppement des Nations Unies ainsi que l&rsquo;Organisation Mondiale de la Sant\u00e9 ont jou\u00e9 majeur pour relever les d\u00e9fis importants li\u00e9s au Covid-19.<\/p>\n<p>Pour soutenir ces efforts, nos cinq gouvernements s&rsquo;efforcent de faire en sorte que les droits de l&rsquo;homme, la d\u00e9mocratie, l&rsquo;\u00e9tat de droit et l&rsquo;\u00e9galit\u00e9 des sexes soient au centre de la r\u00e9ponse mondiale imm\u00e9diate et sur le long terme. Nous devons reconstruire en mieux et en plus \u00e9cologique et nous sommes pr\u00eats \u00e0 faire preuve de leadership pour renforcer la coop\u00e9ration internationale dans les ann\u00e9es \u00e0 venir.<\/p>\n<p>Pour y parvenir, nous devons assurer ces quatre points :<\/p>\n<p class=\"c4\"><span class=\"c3\"><strong>1.<\/strong><\/span> <span class=\"c3\"><strong>Garantir une mobilisation internationale :<\/strong><\/span> La pand\u00e9mie Covid-19 est une crise humaine qui devient rapidement une crise des droits humains. \u00c0 travers les objectifs de d\u00e9veloppement durable, la communaut\u00e9 internationale s&rsquo;est engag\u00e9e \u00e0 ne laisser quiconqueen marge. Nous devons respecter cet engagement et veiller \u00e0 ce que toutes les mesures adopt\u00e9es respectent les droits de l\u2019homme.<\/p>\n<p class=\"c4\"><span class=\"c3\"><strong>2.<\/strong><\/span> <span class=\"c3\"><strong>Garantir la transparence et l\u2019acc\u00e8s \u00e0 des informations fiables :<\/strong><\/span> Les voix des m\u00e9dias ind\u00e9pendants et de la soci\u00e9t\u00e9 civile, y compris les d\u00e9fenseurs des droits de l&rsquo;homme, doivent \u00eatre prot\u00e9g\u00e9es et promues. Leur veille et leurs rapports contribueront \u00e0 responsabiliser les gouvernements. Il est \u00e9galement imp\u00e9ratif de lutter contre la d\u00e9sinformation et la propagande et de travailler en \u00e9troite collaboration avec les m\u00e9dias, les entreprises technologiques, le secteur priv\u00e9 et la soci\u00e9t\u00e9 civile, ainsi qu&rsquo;avec d&rsquo;autres parties prenantes.<\/p>\n<p class=\"c4\"><span class=\"c3\"><strong>3.<\/strong><\/span> <span class=\"c3\"><strong>Garantir la dimension genre dans la r\u00e9ponse mondiale :<\/strong><\/span> La pand\u00e9mie a engendr\u00e9 un accroissement de la violence sexuelle et sexiste et des pratiques n\u00e9fastes. En outre, la pleine jouissance de la sant\u00e9 et des droits sexuels et reproductifs (SDSR) &#8211; tels que l&rsquo;acc\u00e8s aux contraceptifs modernes, l&rsquo;avortement s\u00fbr et l\u00e9gal et une \u00e9ducation sexuelle compl\u00e8te &#8211; s&rsquo;est consid\u00e9rablement d\u00e9grad\u00e9e.<\/p>\n<p class=\"c4\">Le fardeau que le Covid-19 impose aux syst\u00e8mes de sant\u00e9 ne doit pas \u00eatre utilis\u00e9 comme une excuse pour restreindre l\u2019acc\u00e8s aux services de sant\u00e9 et pour porter atteinte aux droits sexuels et reproductifs pour toutes les femmes et les filles. Nous sommes unis pour \u00e9liminer la discrimination structurelle et continuerons de promouvoir l\u2019autonomisation \u00e9conomique et politique des femmes et leur pleine et \u00e9gale jouissance de tous les droits fondamentaux, y compris la sant\u00e9 et les droits sexuels et reproductifs.<\/p>\n<p class=\"c4\"><span class=\"c3\"><strong>4.<\/strong><\/span> <span class=\"c3\"><strong>Enfin, veiller, par la vigilance, \u00e0 garantir le respect des normes et principes internationaux :<\/strong><\/span> Toute action de lutte contre le Covid-19 ne doit pas porter atteinte au droit international, \u00e0 la d\u00e9mocratie ou aux institutions d\u00e9mocratiques.<br \/>Le moment est venu de se mobiliser pour prot\u00e9ger et pour renforcer le syst\u00e8me multilat\u00e9ral et l&rsquo;ordre international fond\u00e9 sur des normes. Les institutions multilat\u00e9rales ont besoin d&rsquo;un soutien politique et financier. La confiance du public dans la d\u00e9mocratie et les institutions d\u00e9mocratiques doit \u00e9galement \u00eatre renforc\u00e9e.<\/p>\n<p>Aujourd&rsquo;hui, nous aurons une discussion avec des repr\u00e9sentants de premier plan des Nations Unies, de l&rsquo;Union europ\u00e9enne, du Conseil de l&rsquo;Europe, de l&rsquo;UNESCO, de l&rsquo;OSCE et de la soci\u00e9t\u00e9 civile. Ensemble, nous soutenons nos paroles par des actes, en prenant les devants et en veillant \u00e0 ce que les droits de l&rsquo;homme, la d\u00e9mocratie, l&rsquo;\u00e9tat de droit et l&rsquo;\u00e9galit\u00e9 des genres soient au c\u0153ur de la r\u00e9ponse et du rel\u00e8vementinternationaux.<\/p>\n<p>Nous sommes dispos\u00e9s \u00e0 partager l&rsquo;exp\u00e9rience nordique qui a b\u00e2ti la confiance avec succ\u00e8s en combinant entre le <span class=\"c3\"><strong>leadership<\/strong><\/span>, la <span class=\"c3\"><strong>transparence<\/strong><\/span> et la <span class=\"c3\"><strong>coop\u00e9ration<\/strong><\/span> entre les institutions gouvernementales nationales et locales ainsi qu&rsquo;avec la soci\u00e9t\u00e9 civile.<\/p>\n<p>Nous sommes \u00e9galement pr\u00eats \u00e0 utiliser notre voix et notre exp\u00e9rience chaque fois que les droits de l\u2019homme, la d\u00e9mocratie, l\u2019\u00e9tat de droit et l\u2019\u00e9galit\u00e9 des sexes sont mis sous pression.<br \/><span class=\"c3\"><strong>R\u00e9pondre \u00e0 la pand\u00e9mie ne doit pas se faire au d\u00e9triment des d\u00e9mocraties plus fragiles ou en engendrant de nouvelles violations des droits de l\u2019homme.<\/strong><\/span> Au contraire, une approche bas\u00e9e sur la d\u00e9mocratie, l&rsquo;\u00e9galit\u00e9 des sexes et les droits de l&rsquo;homme est essentielle pour lutter contre le Covid-19 et r\u00e9aliser l&rsquo;Agenda 2030. \u00bb<\/p>\n<p><span class=\"c6\"><span class=\"c5\"><strong>Signataires<\/strong><\/span><\/span><\/p>\n<p><span class=\"c3\"><strong>Danemark<\/strong><\/span><\/p>\n<p class=\"c4\"><span class=\"c3\"><strong>\u2022<\/strong><\/span> Ministre des Affaires \u00e9trang\u00e8res, <strong>M. JeppeKofod<\/strong><\/p>\n<p class=\"c4\"><span class=\"c3\"><strong>\u2022<\/strong><\/span> Ministre du d\u00e9veloppement de la coop\u00e9ration, <strong>M. Rasmus Prehn<\/strong><\/p>\n<p><span class=\"c3\"><strong>Finlande<\/strong><\/span><\/p>\n<p class=\"c4\"><span class=\"c3\"><strong>\u2022<\/strong><\/span> Ministre des Affaires \u00e9trang\u00e8res, <strong>M. Pekka Haavisto<\/strong><\/p>\n<p class=\"c4\"><span class=\"c3\"><strong>\u2022<\/strong><\/span> Ministre du d\u00e9veloppement de la coop\u00e9ration et du commerce ext\u00e9rieur, <strong>M. Ville Skinnari<\/strong><\/p>\n<p><span class=\"c3\"><strong>Islande<\/strong><\/span><\/p>\n<p class=\"c4\"><span class=\"c3\"><strong>\u2022<\/strong><\/span> Ministre des affaires \u00e9trang\u00e8res et du d\u00e9veloppement de la coop\u00e9ration, <strong>M. Gudlaugur Th\u00f3r Th\u00f3rdarson<\/strong><\/p>\n<p><span class=\"c3\"><strong>Norv\u00e8ge<\/strong><\/span><\/p>\n<p class=\"c4\"><span class=\"c3\"><strong>\u2022<\/strong><\/span> Ministre des Affaires \u00e9trang\u00e8res, <strong>Mme Ine Eriksen Soreide<\/strong><\/p>\n<p class=\"c4\"><span class=\"c3\"><strong>\u2022<\/strong><\/span> Ministre du d\u00e9veloppement international, <strong>M. Dag-Inge Ulstein<\/strong><\/p>\n<p><span class=\"c3\"><strong>Su\u00e8de<\/strong><\/span><\/p>\n<p class=\"c4\"><span class=\"c3\"><strong>\u2022<\/strong><\/span> Ministre des Affaires \u00e9trang\u00e8res, <strong>Mme Ann Linde<\/strong><\/p>\n<p class=\"c4\"><span class=\"c3\"><strong>\u2022<\/strong><\/span> Ministre du d\u00e9veloppement de la coop\u00e9ration internationale, <strong>M. Peter Eriksson<\/strong><br \/>\u00a0<\/p>\n<p>Auteur:<br \/>\n<a href=\"https:\/\/www.leaders.com.tn\/article\/30578-les-droits-de-l-homme-et-la-democratie-sont-primordiaux-pour-ne-laisser-quiconque-en-marge-de-la-lutte-contre-le-covid-19\">Cliquez ici pour lire l&rsquo;article depuis sa source.<\/a><\/p>\n","protected":false},"excerpt":{"rendered":"<p>Covid-19 &#8211; Les pays nordiques mettent en garde contre le viol des droits et la r\u00e9duction de l\u2019espace d\u00e9mocratique sous pr\u00e9texte de pand\u00e9mie.Cinq pays nordiques expriment leurs craintes face au recul de la d\u00e9mocratie et le viol des droits de l\u2019homme qui pourraient surgir dans certains pays, sous pr\u00e9texte de contingences du Covid-19. Dans un [&hellip;]<\/p>\n","protected":false},"author":1772,"featured_media":0,"comment_status":"closed","ping_status":"closed","sticky":false,"template":"","format":"standard","meta":{"fifu_image_url":"","fifu_image_alt":"","footnotes":""},"categories":[73,55],"tags":[],"class_list":["post-98900","post","type-post","status-publish","format-standard","hentry","category-actualite","category-tunisie"],"_links":{"self":[{"href":"https:\/\/linitiative.ca\/International\/wp-json\/wp\/v2\/posts\/98900","targetHints":{"allow":["GET"]}}],"collection":[{"href":"https:\/\/linitiative.ca\/International\/wp-json\/wp\/v2\/posts"}],"about":[{"href":"https:\/\/linitiative.ca\/International\/wp-json\/wp\/v2\/types\/post"}],"author":[{"embeddable":true,"href":"https:\/\/linitiative.ca\/International\/wp-json\/wp\/v2\/users\/1772"}],"replies":[{"embeddable":true,"href":"https:\/\/linitiative.ca\/International\/wp-json\/wp\/v2\/comments?post=98900"}],"version-history":[{"count":0,"href":"https:\/\/linitiative.ca\/International\/wp-json\/wp\/v2\/posts\/98900\/revisions"}],"wp:attachment":[{"href":"https:\/\/linitiative.ca\/International\/wp-json\/wp\/v2\/media?parent=98900"}],"wp:term":[{"taxonomy":"category","embeddable":true,"href":"https:\/\/linitiative.ca\/International\/wp-json\/wp\/v2\/categories?post=98900"},{"taxonomy":"post_tag","embeddable":true,"href":"https:\/\/linitiative.ca\/International\/wp-json\/wp\/v2\/tags?post=98900"}],"curies":[{"name":"wp","href":"https:\/\/api.w.org\/{rel}","templated":true}]}}