{"id":98903,"date":"2020-09-15T14:04:00","date_gmt":"2020-09-15T18:04:00","guid":{"rendered":"https:\/\/linitiative.ca\/International\/un-rentree-scolaire-pas-comme-les-autres-album-photos\/"},"modified":"2020-09-15T14:04:00","modified_gmt":"2020-09-15T18:04:00","slug":"un-rentree-scolaire-pas-comme-les-autres-album-photos","status":"publish","type":"post","link":"https:\/\/linitiative.ca\/International\/un-rentree-scolaire-pas-comme-les-autres-album-photos\/","title":{"rendered":"Un rentr\u00e9e scolaire pas comme les autres (Album Photos)"},"content":{"rendered":"<p class=\"c4\">Une ann\u00e9e scolaire 2020-2021 diff\u00e9rente des pr\u00e9c\u00e9dentes sur bien des points et \u00e0 la r\u00e9ussite de Laquelle le minist\u00e8re de l&rsquo;Education a mobilis\u00e9 tous ses moyens sur le double plan p\u00e9dagogique et sanitaire\u00a0 : l\u2019\u00e9talement <span class=\"c3\">\u00a0<\/span>sur cinq jours de la rentr\u00e9e, du 15 au 19 septembre, le raccourcissement des vacances\u00a0 et l&rsquo;extension de l\u2019ann\u00e9e scolaire scolaire\u00a0 jusqu\u2019au 30 juin 2021, le respect des consignes, notamment la distanciation sociale. Enfin, les \u00e9l\u00e8ves iront \u00e0 l\u2019\u00e9cole un jour sur deux de sorte que la classe ne doit pas\u00a0 d\u00e9passer les 17 \u00e9l\u00e8ves.<\/p>\n<p class=\"MsoNormal c4\">Une initiative louable du minist\u00e8re de l&rsquo;Education nationale qui participe du m\u00eame souci de r\u00e9duire au minimum les risques de contagion :160.000 masques \u00e0 usage unique, 80.000 masques lavables, 3.300 litres de gel et 4.000 thermom\u00e8tres, en plus de fournir un stock de\u00a0 de masques et de gel seront distribu\u00e9s aux \u00e9l\u00e8ves.<\/p>\n<p class=\"c2\">\u00a0<\/p>\n<p>Auteur:<br \/>\n<a href=\"https:\/\/www.leaders.com.tn\/article\/30581-un-rentree-scolaire-pas-comme-les-autres-album-photos\">Cliquez ici pour lire l&rsquo;article depuis sa source.<\/a><\/p>\n","protected":false},"excerpt":{"rendered":"<p>Une ann\u00e9e scolaire 2020-2021 diff\u00e9rente des pr\u00e9c\u00e9dentes sur bien des points et \u00e0 la r\u00e9ussite de Laquelle le minist\u00e8re de l&rsquo;Education a mobilis\u00e9 tous ses moyens sur le double plan p\u00e9dagogique et sanitaire\u00a0 : l\u2019\u00e9talement \u00a0sur cinq jours de la rentr\u00e9e, du 15 au 19 septembre, le raccourcissement des vacances\u00a0 et l&rsquo;extension de l\u2019ann\u00e9e scolaire [&hellip;]<\/p>\n","protected":false},"author":1772,"featured_media":0,"comment_status":"closed","ping_status":"closed","sticky":false,"template":"","format":"standard","meta":{"fifu_image_url":"","fifu_image_alt":"","footnotes":""},"categories":[73,55],"tags":[],"class_list":["post-98903","post","type-post","status-publish","format-standard","hentry","category-actualite","category-tunisie"],"_links":{"self":[{"href":"https:\/\/linitiative.ca\/International\/wp-json\/wp\/v2\/posts\/98903","targetHints":{"allow":["GET"]}}],"collection":[{"href":"https:\/\/linitiative.ca\/International\/wp-json\/wp\/v2\/posts"}],"about":[{"href":"https:\/\/linitiative.ca\/International\/wp-json\/wp\/v2\/types\/post"}],"author":[{"embeddable":true,"href":"https:\/\/linitiative.ca\/International\/wp-json\/wp\/v2\/users\/1772"}],"replies":[{"embeddable":true,"href":"https:\/\/linitiative.ca\/International\/wp-json\/wp\/v2\/comments?post=98903"}],"version-history":[{"count":0,"href":"https:\/\/linitiative.ca\/International\/wp-json\/wp\/v2\/posts\/98903\/revisions"}],"wp:attachment":[{"href":"https:\/\/linitiative.ca\/International\/wp-json\/wp\/v2\/media?parent=98903"}],"wp:term":[{"taxonomy":"category","embeddable":true,"href":"https:\/\/linitiative.ca\/International\/wp-json\/wp\/v2\/categories?post=98903"},{"taxonomy":"post_tag","embeddable":true,"href":"https:\/\/linitiative.ca\/International\/wp-json\/wp\/v2\/tags?post=98903"}],"curies":[{"name":"wp","href":"https:\/\/api.w.org\/{rel}","templated":true}]}}