{"id":98906,"date":"2020-09-15T06:00:00","date_gmt":"2020-09-15T10:00:00","guid":{"rendered":"https:\/\/linitiative.ca\/International\/mon-oeil\/"},"modified":"2020-09-15T06:00:00","modified_gmt":"2020-09-15T10:00:00","slug":"mon-oeil","status":"publish","type":"post","link":"https:\/\/linitiative.ca\/International\/mon-oeil\/","title":{"rendered":"Mon \u0153il !"},"content":{"rendered":"<p>Tramways immobilis\u00e9s \u00e0 chaque averse. Les autorit\u00e9s<br \/>prennent une d\u00e9cision forte ! D\u00e9sormais, le march\u00e9 des<br \/>rames et locomotives sera confi\u00e9 exclusivement \u00e0 la\u2026<\/p>\n<p><strong>CNAN et \u00e0 l\u2019ENTMV !<br \/><\/strong><br \/>La configuration de la future Assembl\u00e9e nationale se pr\u00e9cise. Attention ! Il n\u2019y a rien d\u2019officiel, mais des sources \u00e0 moi ont fuit\u00e9 certaines infos jusqu\u2019\u00e0 mes oreilles pas \u00e9tanches du tout. J\u2019ai ainsi ou\u00ef dire que les d\u00e9put\u00e9s de la prochaine Assembl\u00e9e n\u2019auront plus \u00e0 lever les bras ! Cette pratique aura ainsi v\u00e9cu. Et c\u2019est tant mieux ! Elle repr\u00e9sentait tout ce qu\u2019il y a d\u2019avilissant dans un syst\u00e8me autocratique o\u00f9 des d\u00e9put\u00e9s ne font qu\u2019enregistrer \u00e0 mains et bras lev\u00e9s haut les caprices du r\u00e9gnant. Donc, \u00e7a, c\u2019est termin\u00e9 ! J\u2019ai interrog\u00e9 mes sources pour savoir comment votera-t-on dans la prochaine Assembl\u00e9e. Et la r\u00e9ponse m\u2019a d\u00e9finitivement convaincu que les choses changent vraiment, concr\u00e8tement et fondamentalement. Si vous avez un autre adverbe se terminant en \u00abent\u00bb ne vous g\u00eanez pas, rajoutez-le ! Les d\u00e9put\u00e9s de l\u2019\u00e8re nouvelle, celle de la 2e R\u00e9publique, pourront enfin reposer leurs bras. Ils voteront avec les\u2026 yeux ! Un clignement, pour le OUI. Deux clignements, pour le NON. Et trois pour l\u2019abstention ! Fini, les for\u00eats de bras ! Termin\u00e9, les \u00e9longations et les tendinites ! Un clin d\u2019\u0153il, et hop ! C\u2019est adopt\u00e9 et dans la bo\u00eete. Et puis, cette formule, c\u2019est tout de m\u00eame plus discret. \u00c7a faisait bazar ces grands gar\u00e7ons et ces grandes filles allongeant sans fin leurs membres sup\u00e9rieurs vers le plafond. Bon ! J\u2019ai tout de m\u00eame demand\u00e9 \u00e0 mes sources comment allait se faire le comptage des voix exprim\u00e9es en clins d\u2019\u0153il. Et l\u00e0, elles ont imm\u00e9diatement tenu \u00e0 me rassurer et \u00e0 lever mes craintes : \u00abT\u2019inqui\u00e8te Hakim ! Comme le pouvoir les aura toujours tous \u00e0 l\u2019\u0153il, il ne manquera pas une voix, au final !\u00bb Je ne m\u2019inqui\u00e8te pas ! Je ne m\u2019inqui\u00e8te jamais. Je sais que les Fr\u00e8res du Palais ont le\u2026 bras long et l\u2019\u0153il sur tout. Non ! Je ne m\u2019inqui\u00e8te pas ! Je fume juste du th\u00e9 pour rester \u00e9veill\u00e9 et moi aussi l\u2019\u0153il en alerte \u00e0 ce cauchemar qui continue.<br \/>H. L.<\/p>\n<p>Auteur:<br \/>\n<a href=\"https:\/\/www.lesoirdalgerie.com\/pousse-avec-eux\/mon-oeil-48169\">Cliquez ici pour lire l&rsquo;article depuis sa source.<\/a><\/p>\n","protected":false},"excerpt":{"rendered":"<p>Tramways immobilis\u00e9s \u00e0 chaque averse. Les autorit\u00e9sprennent une d\u00e9cision forte ! D\u00e9sormais, le march\u00e9 desrames et locomotives sera confi\u00e9 exclusivement \u00e0 la\u2026 CNAN et \u00e0 l\u2019ENTMV !La configuration de la future Assembl\u00e9e nationale se pr\u00e9cise. Attention ! Il n\u2019y a rien d\u2019officiel, mais des sources \u00e0 moi ont fuit\u00e9 certaines infos jusqu\u2019\u00e0 mes oreilles pas [&hellip;]<\/p>\n","protected":false},"author":1741,"featured_media":0,"comment_status":"closed","ping_status":"closed","sticky":false,"template":"","format":"standard","meta":{"fifu_image_url":"","fifu_image_alt":"","footnotes":""},"categories":[73,53],"tags":[],"class_list":["post-98906","post","type-post","status-publish","format-standard","hentry","category-actualite","category-algerie"],"_links":{"self":[{"href":"https:\/\/linitiative.ca\/International\/wp-json\/wp\/v2\/posts\/98906","targetHints":{"allow":["GET"]}}],"collection":[{"href":"https:\/\/linitiative.ca\/International\/wp-json\/wp\/v2\/posts"}],"about":[{"href":"https:\/\/linitiative.ca\/International\/wp-json\/wp\/v2\/types\/post"}],"author":[{"embeddable":true,"href":"https:\/\/linitiative.ca\/International\/wp-json\/wp\/v2\/users\/1741"}],"replies":[{"embeddable":true,"href":"https:\/\/linitiative.ca\/International\/wp-json\/wp\/v2\/comments?post=98906"}],"version-history":[{"count":0,"href":"https:\/\/linitiative.ca\/International\/wp-json\/wp\/v2\/posts\/98906\/revisions"}],"wp:attachment":[{"href":"https:\/\/linitiative.ca\/International\/wp-json\/wp\/v2\/media?parent=98906"}],"wp:term":[{"taxonomy":"category","embeddable":true,"href":"https:\/\/linitiative.ca\/International\/wp-json\/wp\/v2\/categories?post=98906"},{"taxonomy":"post_tag","embeddable":true,"href":"https:\/\/linitiative.ca\/International\/wp-json\/wp\/v2\/tags?post=98906"}],"curies":[{"name":"wp","href":"https:\/\/api.w.org\/{rel}","templated":true}]}}