{"id":98910,"date":"2020-09-15T11:31:13","date_gmt":"2020-09-15T15:31:13","guid":{"rendered":"https:\/\/linitiative.ca\/International\/vrai-ou-fake-sur-la-covid-19-au-maroc-mardi-15-septembre\/"},"modified":"2020-09-15T11:31:13","modified_gmt":"2020-09-15T15:31:13","slug":"vrai-ou-fake-sur-la-covid-19-au-maroc-mardi-15-septembre","status":"publish","type":"post","link":"https:\/\/linitiative.ca\/International\/vrai-ou-fake-sur-la-covid-19-au-maroc-mardi-15-septembre\/","title":{"rendered":"Vrai ou Fake sur la Covid-19 au Maroc, mardi 15 septembre"},"content":{"rendered":"<p><strong>Le Coronavirus, qui a contamin\u00e9 plus de 29 millions de personnes dans le monde, est \u00e0 l\u2019origine d\u2019un flot de Fake news relay\u00e9es par des sites d\u2019information et sur les r\u00e9seaux sociaux.<\/strong><\/p>\n<div class=\"c10\"\/>\n<p>\u2013 L\u2019Acad\u00e9mie r\u00e9gionale de l\u2019\u00e9ducation et de la formation de Sidi Kacem a annonc\u00e9 la fermeture d\u2019un \u00e9tablissement scolaire priv\u00e9 qui adoptait l\u2019enseignement en alternance. <strong>VRAI<\/strong><\/p>\n<p>\u2013 Une dizaine de salari\u00e9s de Marjane Hay Riad \u00e0 Rabat ont \u00e9t\u00e9 d\u00e9clar\u00e9s positifs au Coronavirus. <strong>FAKE<\/strong><\/p>\n<p>\u2013 Les autorit\u00e9s de Marrakech ont d\u00e9cid\u00e9 de prolonger d\u2019une heure suppl\u00e9mentaire l\u2019heure de fermeture des caf\u00e9s et restaurants de la ville. <strong>VRAI.<\/strong> Au lieu de fermer \u00e0 22h, les caf\u00e9s et restaurants seront d\u00e9sormais autoris\u00e9s \u00e0 rester ouverts jusqu\u2019\u00e0 23h \u00e0 partir de mardi.<\/p>\n<p><strong>Lire aussi|<\/strong><a href=\"https:\/\/www.challenge.ma\/le-test-antigenique-est-plus-rapide-pour-detecter-le-coronavirus-156802\/\"><strong>Le test antig\u00e9nique est plus rapide pour d\u00e9tecter le coronavirus<\/strong><\/a><\/p>\n<p>\u2013 Tous les \u00e9tablissements scolaires du Royaume ont annonc\u00e9 avoir opt\u00e9 pour l\u2019enseignement \u00e0 distance, apr\u00e8s que quelques membres du personnel ont \u00e9t\u00e9 test\u00e9s positifs au Coronavirus. <strong>FAKE<\/strong> Quelques \u00e9tablissements situ\u00e9s \u00e0 Rabat, \u00e0 Marrakech et \u00e0 Taourirt ont d\u00fb suspendre les cours en pr\u00e9sentiel pendant 14 jours, isoler les personnes infect\u00e9es et proc\u00e9der au d\u00e9pistage des cas contacts.<\/p>\n<p>\u2013 Le masque facial contribue \u00e0 r\u00e9duire la gravit\u00e9 du Coronavirus. <strong>VRAI<\/strong><\/p>\n<p>\u2013 Acquisition par le minist\u00e8re de la Sant\u00e9, de tests de diagnostic rapide du Coronavirus dont la date de validit\u00e9 a expir\u00e9. <strong>FAKE<\/strong><\/p>\n<p><strong>Lire aussi|<\/strong><a href=\"https:\/\/www.challenge.ma\/un-premier-robot-intelligent-100-marocain-pour-booster-lagriculture-156283\/\"><strong>Un premier robot intelligent 100% marocain pour booster l\u2019agriculture<\/strong><\/a><\/p>\n<p>\u2013 Le Maroc compte d\u00e9sormais un ratio de 43,8 d\u00e9c\u00e8s\/million d\u2019habitants dus aux Coronavirus. <strong>VRAI<\/strong><\/p>\n<p>\u2013 Les tests Covid seront d\u00e9sormais remboursables par la CNSS. <strong>FAKE<\/strong><\/p>\n<p>Auteur: Hajar DARI<br \/>\n<a href=\"https:\/\/www.challenge.ma\/vrai-ou-fake-sur-la-covid-19-au-maroc-mardi-15-septembre-156858\/\">Cliquez ici pour lire l&rsquo;article depuis sa source.<\/a><\/p>\n","protected":false},"excerpt":{"rendered":"<p>Le Coronavirus, qui a contamin\u00e9 plus de 29 millions de personnes dans le monde, est \u00e0 l\u2019origine d\u2019un flot de Fake news relay\u00e9es par des sites d\u2019information et sur les r\u00e9seaux sociaux. \u2013 L\u2019Acad\u00e9mie r\u00e9gionale de l\u2019\u00e9ducation et de la formation de Sidi Kacem a annonc\u00e9 la fermeture d\u2019un \u00e9tablissement scolaire priv\u00e9 qui adoptait l\u2019enseignement [&hellip;]<\/p>\n","protected":false},"author":1787,"featured_media":0,"comment_status":"closed","ping_status":"closed","sticky":false,"template":"","format":"standard","meta":{"fifu_image_url":"","fifu_image_alt":"","footnotes":""},"categories":[78,54],"tags":[],"class_list":["post-98910","post","type-post","status-publish","format-standard","hentry","category-economie","category-maroc"],"_links":{"self":[{"href":"https:\/\/linitiative.ca\/International\/wp-json\/wp\/v2\/posts\/98910","targetHints":{"allow":["GET"]}}],"collection":[{"href":"https:\/\/linitiative.ca\/International\/wp-json\/wp\/v2\/posts"}],"about":[{"href":"https:\/\/linitiative.ca\/International\/wp-json\/wp\/v2\/types\/post"}],"author":[{"embeddable":true,"href":"https:\/\/linitiative.ca\/International\/wp-json\/wp\/v2\/users\/1787"}],"replies":[{"embeddable":true,"href":"https:\/\/linitiative.ca\/International\/wp-json\/wp\/v2\/comments?post=98910"}],"version-history":[{"count":0,"href":"https:\/\/linitiative.ca\/International\/wp-json\/wp\/v2\/posts\/98910\/revisions"}],"wp:attachment":[{"href":"https:\/\/linitiative.ca\/International\/wp-json\/wp\/v2\/media?parent=98910"}],"wp:term":[{"taxonomy":"category","embeddable":true,"href":"https:\/\/linitiative.ca\/International\/wp-json\/wp\/v2\/categories?post=98910"},{"taxonomy":"post_tag","embeddable":true,"href":"https:\/\/linitiative.ca\/International\/wp-json\/wp\/v2\/tags?post=98910"}],"curies":[{"name":"wp","href":"https:\/\/api.w.org\/{rel}","templated":true}]}}