{"id":98911,"date":"2020-09-15T15:00:55","date_gmt":"2020-09-15T19:00:55","guid":{"rendered":"https:\/\/linitiative.ca\/International\/indice-du-progres-social-le-maroc-97eme-mondial\/"},"modified":"2020-09-15T15:00:55","modified_gmt":"2020-09-15T19:00:55","slug":"indice-du-progres-social-le-maroc-97eme-mondial","status":"publish","type":"post","link":"https:\/\/linitiative.ca\/International\/indice-du-progres-social-le-maroc-97eme-mondial\/","title":{"rendered":"Indice du progr\u00e8s social : le Maroc 97\u00e8me mondial"},"content":{"rendered":"<p><a rel=\"noreferrer noopener\" aria-label=\"Social Progress Imperative (opens in a new tab)\" href=\"https:\/\/www.socialprogress.org\/about-us\" target=\"_blank\"><strong>Social Progress Imperative<\/strong><\/a> <strong>a publi\u00e9 les r\u00e9sultats de l\u2019Indice du progr\u00e8s social 2020, qui fournissent une image compl\u00e8te de l\u2019exp\u00e9rience v\u00e9cue par plus de 7 milliards de personnes dans 163 pays.<\/strong><\/p>\n<div class=\"c10\"\/>\n<p>Pour la toute premi\u00e8re fois, l\u2019indice mesure le progr\u00e8s social des 10 derni\u00e8res ann\u00e9es. Il est la mesure la plus compl\u00e8te de la performance sociale et environnementale d\u2019un pays, ind\u00e9pendamment des facteurs \u00e9conomiques. L\u2019indice compl\u00e8te les mesures traditionnelles de succ\u00e8s comme le PIB.<\/p>\n<p><strong>Lire aussi |<\/strong> <a rel=\"noreferrer noopener\" aria-label=\" (opens in a new tab)\" href=\"https:\/\/www.challenge.ma\/evolution-du-coronavirus-au-maroc-2-121-nouveaux-cas-90-324-au-total-mardi-15-septembre-a-18-heures-156892\/\" target=\"_blank\"><strong>\u00c9volution du Coronavirus au Maroc : 2.121 nouveaux cas, 90.324 au total, mardi 15 septembre \u00e0 18 heures<\/strong><\/a><\/p>\n<p>Le Maroc se classe 97\u00e8me avec un score de 66.90. Il enregistre de bons scores au niveau de l\u2019abri (89.91), de l\u2019alimentation et soins m\u00e9dicaux de base, eau et assainissement, s\u00e9curit\u00e9 personnelle et l\u2019acc\u00e8s \u00e0 l\u2019information et aux communications. Par contre, il doit am\u00e9liorer selon l\u2019indice l\u2019inclusivit\u00e9 (30.02), l\u2019acc\u00e8s \u00e0 l\u2019enseignement sup\u00e9rieur (52.12), la sant\u00e9 et bien-\u00eatre (56,91), les droits personnels (59,65) et la libert\u00e9 personnelle et de choix (63.93).<\/p>\n<p><strong>Lire aussi |<\/strong> <a rel=\"noreferrer noopener\" aria-label=\" (opens in a new tab)\" href=\"https:\/\/www.challenge.ma\/logement-une-nouvelle-vision-pour-soutenir-la-relance-economique-du-secteur-156847\/\" target=\"_blank\"><strong>Logement : une nouvelle vision pour soutenir la relance \u00e9conomique du secteur ?<\/strong><\/a><\/p>\n<p>Auteur: challenge<br \/>\n<a href=\"https:\/\/www.challenge.ma\/indice-du-progres-social-le-maroc-97eme-mondial-156908\/\">Cliquez ici pour lire l&rsquo;article depuis sa source.<\/a><\/p>\n","protected":false},"excerpt":{"rendered":"<p>Social Progress Imperative a publi\u00e9 les r\u00e9sultats de l\u2019Indice du progr\u00e8s social 2020, qui fournissent une image compl\u00e8te de l\u2019exp\u00e9rience v\u00e9cue par plus de 7 milliards de personnes dans 163 pays. Pour la toute premi\u00e8re fois, l\u2019indice mesure le progr\u00e8s social des 10 derni\u00e8res ann\u00e9es. Il est la mesure la plus compl\u00e8te de la performance [&hellip;]<\/p>\n","protected":false},"author":1787,"featured_media":0,"comment_status":"closed","ping_status":"closed","sticky":false,"template":"","format":"standard","meta":{"fifu_image_url":"","fifu_image_alt":"","footnotes":""},"categories":[78,54],"tags":[],"class_list":["post-98911","post","type-post","status-publish","format-standard","hentry","category-economie","category-maroc"],"_links":{"self":[{"href":"https:\/\/linitiative.ca\/International\/wp-json\/wp\/v2\/posts\/98911","targetHints":{"allow":["GET"]}}],"collection":[{"href":"https:\/\/linitiative.ca\/International\/wp-json\/wp\/v2\/posts"}],"about":[{"href":"https:\/\/linitiative.ca\/International\/wp-json\/wp\/v2\/types\/post"}],"author":[{"embeddable":true,"href":"https:\/\/linitiative.ca\/International\/wp-json\/wp\/v2\/users\/1787"}],"replies":[{"embeddable":true,"href":"https:\/\/linitiative.ca\/International\/wp-json\/wp\/v2\/comments?post=98911"}],"version-history":[{"count":0,"href":"https:\/\/linitiative.ca\/International\/wp-json\/wp\/v2\/posts\/98911\/revisions"}],"wp:attachment":[{"href":"https:\/\/linitiative.ca\/International\/wp-json\/wp\/v2\/media?parent=98911"}],"wp:term":[{"taxonomy":"category","embeddable":true,"href":"https:\/\/linitiative.ca\/International\/wp-json\/wp\/v2\/categories?post=98911"},{"taxonomy":"post_tag","embeddable":true,"href":"https:\/\/linitiative.ca\/International\/wp-json\/wp\/v2\/tags?post=98911"}],"curies":[{"name":"wp","href":"https:\/\/api.w.org\/{rel}","templated":true}]}}